{"id":26278,"date":"2012-11-22T02:40:21","date_gmt":"2012-11-22T02:40:21","guid":{"rendered":null},"modified":"-0001-11-30T00:00:00","modified_gmt":"-0001-11-30T00:00:00","slug":"health-corrects-the-article-of-royal-decree-which-endangered-the-acquired-rights-of-the-collective-health","status":"publish","type":"post","link":"https:\/\/www.best-dentist-dentistry.com\/de\/health-corrects-the-article-of-royal-decree-which-endangered-the-acquired-rights-of-the-collective-health\/26278","title":{"rendered":"Gesundheit korrigiert den Artikel des k\u00f6niglichen Dekret, das die erworbenen Rechte der kollektive Gesundheit gef\u00e4hrdet"},"content":{"rendered":"<p class=\"first\"> MADRID, 16 (EUROPA PRESS)<\/p>\n<p>das <span class=\"yshortcuts\" id=\"lw_1337154764_1\"> Ministerium f\u00fcr Gesundheit<\/span>, soziale Dienste und Gleichheit wurde korrigiert die Fehler des verf\u00fcgenden Teils des K\u00f6niglichen Dekrets \u00fcber dringende Ma\u00dfnahmen zur Sicherstellung der Nachhaltigkeit des <span class=\"yshortcuts\" id=\"lw_1337154764_0\"> \u00f6ffentlichen Gesundheitswesens<\/span> (SNS) droht die Rechte erworben durch die arbeitsrechtlichen Aus\u00fcbung von medizinischen <span class=\"yshortcuts\" id=\"lw_1337154764_8\"> Fachkr\u00e4ften<\/span> (\u00c4rzte, \u00c4rzte und Hebammen), also Erf\u00fcllung der Zusage mit den Vorsitzenden der R\u00e4te von \u00c4rzten und Krankenschwestern. allgemeine<\/p>\n<p>Korrektur, ver\u00f6ffentlicht im Amtsblatt vom Dienstag und vereinbart zwischen Ministerium und den Vorsitzenden der allgemeine R\u00e4te der \u00c4rzte und Krankenschwestern, kommt zu gew\u00e4hrleisten, Gesundheitsberufe, war betroffenen ihre Rechte konsolidiert, auch einrichten, dass der Standard f\u00fcr den <span class=\"yshortcuts\" id=\"lw_1337154764_4\"> 31. Dezember<\/span> 2013 gelten werden.<\/p>\n<p>das Dekret, das die \u00c4rzte und Krankenschwestern (\u00c4rzte und Hebammen) Inhaber von lokalen Dienste von ihrer beruflichen T\u00e4tigkeit in <span class=\"yshortcuts\" id=\"lw_1337154764_3\"> Gesundheitsdiensten<\/span>, sowie der Rest des <span class=\"yshortcuts\" id=\"lw_1337154764_6\"> Personal offizielle<\/span> wer nahm sie zu Gesundheitsdienstleistungen als Bedienstete beitreten bietet seine Dienste in <span class=\"yshortcuts\" id=\"lw_1337154764_5\"> Gesundheitseinrichtungen<\/span> \u00f6ffentlich, seit festen oder Adscribir\u00eda, die zu Verwaltungsstellen nicht zur \u00f6ffentlichen Gesundheit Institutionen. geh\u00f6ren wird<\/p>\n<p> &lt; p&gt; Dieser Situation entsprechend der R\u00e4te von \u00c4rzten und Krankenschwestern, General Manager &#8220;begab sich eine ernsthafte Rechtsunsicherheit f\u00fchren und verursacht Hilflosigkeit entscheiden die betroffenen insofern die grundlegende Achtung der Rechte f\u00fcr diese Fachleute in ihrem aktuellen Job, die verletzt werden k\u00f6nnte, vor allem in der gleichen, wenn nicht inbegriffen war nicht die Integration, insbesondere hinsichtlich seines Alters und seiner Emeritierung&#8221;.<\/p>\n<p>nicht zu vergessen die Tatsache, dass diese Fachleute, &#8220;sie nicht mehr Tierschutz-Funktionen \u00fcbergeben an Verwaltungseinrichtungen deren Natur f\u00fchren und Bezeichnung Bestimmung nicht kl\u00e4ren w\u00fcrde ist&#8221;.<\/p>\n<p>die BOE beseitigt nun diese Situation durch Hinzuf\u00fcgen, dass, nachdem Gesundheitsdienste als Personen gesetzlich fest integriert, dies &#8220;ohne Beeintr\u00e4chtigung der Rechte Konsolidierte&#8221;. ebenso hinzugef\u00fcgt zur amtlichen pers\u00f6nlichen Ausdruck die Wort Gesundheit und setzt seine Anwendung nach 31. Dezember 2013, und nicht von der 31. Dezember 2012, als Initial RD.<\/p>\n<p>seit der Ver\u00f6ffentlichung der RD, hat der Ana Mato Industrieminister hat an zwei Sitzungen diskutieren das Thema, die erste bei 8. Mai mit dem Pr\u00e4sidenten des Generalrates Pflege von Spanien, Max Gonz\u00e1lez Jurado und der zweite am vergangenen Montag kann mit demselben Partner von der Krankenpflege, sowie Juan Jos\u00e9 Rodr\u00edguez Send\u00edn, Pr\u00e4sident des Generalrats der <span class=\"yshortcuts\"id=\"lw_1337154764_7\"> medizinischen Hochschulen<\/span>.<\/p>\n<p>in beiden Sitzungen verpflichtet Mato erstellt durch eine aktuelle Formulierung dieses K\u00f6niglichen Dekrets, Abhilfe schaffen&#8221; zeigen ihre volle Bereitschaft &#8221;  Wahrung der Rechte durch die professionelle \u00c4rzte und Krankenschwestern, die zutiefst betroffen von dieser neuen Verordnung des Ministeriums durch eine Korrektur der Fehler solcher Gesetze ver\u00f6ffentlicht im offiziellen Bulletin des Staates &rsquo;.<\/p>\n<p>nach ihrer Ver\u00f6ffentlichung im Amtsblatt, Jury ist umgezogen, die Aufwertung des spanischen Krankenpflege und seine Sensibilit\u00e4t mit diesem Problem, die oben genannten Korrektur von Fehlern zu sammeln, zu dienen. Auch behauptet, dass diese Korrektur &#8220;erreicht man das Ziel im Gesundheitswesen Verwaltungen Homogenisieren Personalpolitik und unsererseits, die diese Integrationen mit der niedrigsten m\u00f6glichen Erkrankung f\u00fcr diese gute Fachleute vorgenommen werden, die beide durch unsere SNS w\u00e4hrend seines Berufslebens&#8221;.<\/p>\n","protected":false},"excerpt":{"rendered":"<p>MADRID, 16 (EUROPA PRESS) das Ministerium f\u00fcr Gesundheit, soziale Dienste und Gleichheit wurde korrigiert die Fehler des verf\u00fcgenden Teils des K\u00f6niglichen Dekrets \u00fcber dringende Ma\u00dfnahmen zur Sicherstellung der Nachhaltigkeit des \u00f6ffentlichen Gesundheitswesens (SNS) droht die Rechte erworben durch die arbeitsrechtlichen Aus\u00fcbung von medizinischen Fachkr\u00e4ften (\u00c4rzte, \u00c4rzte und Hebammen), also Erf\u00fcllung der Zusage mit den Vorsitzenden [&hellip;]<\/p>\n","protected":false},"author":1,"featured_media":0,"comment_status":"close","ping_status":"open","sticky":false,"template":"","format":"standard","meta":{"footnotes":""},"categories":[3],"tags":[],"class_list":["post-26278","post","type-post","status-publish","format-standard","hentry","category-allgemeine","et-doesnt-have-format-content","et_post_format-et-post-format-standard"],"_links":{"self":[{"href":"https:\/\/www.best-dentist-dentistry.com\/de\/wp-json\/wp\/v2\/posts\/26278","targetHints":{"allow":["GET"]}}],"collection":[{"href":"https:\/\/www.best-dentist-dentistry.com\/de\/wp-json\/wp\/v2\/posts"}],"about":[{"href":"https:\/\/www.best-dentist-dentistry.com\/de\/wp-json\/wp\/v2\/types\/post"}],"author":[{"embeddable":true,"href":"https:\/\/www.best-dentist-dentistry.com\/de\/wp-json\/wp\/v2\/users\/1"}],"replies":[{"embeddable":true,"href":"https:\/\/www.best-dentist-dentistry.com\/de\/wp-json\/wp\/v2\/comments?post=26278"}],"version-history":[{"count":0,"href":"https:\/\/www.best-dentist-dentistry.com\/de\/wp-json\/wp\/v2\/posts\/26278\/revisions"}],"wp:attachment":[{"href":"https:\/\/www.best-dentist-dentistry.com\/de\/wp-json\/wp\/v2\/media?parent=26278"}],"wp:term":[{"taxonomy":"category","embeddable":true,"href":"https:\/\/www.best-dentist-dentistry.com\/de\/wp-json\/wp\/v2\/categories?post=26278"},{"taxonomy":"post_tag","embeddable":true,"href":"https:\/\/www.best-dentist-dentistry.com\/de\/wp-json\/wp\/v2\/tags?post=26278"}],"curies":[{"name":"wp","href":"https:\/\/api.w.org\/{rel}","templated":true}]}}