{"id":26282,"date":"2012-11-22T02:40:43","date_gmt":"2012-11-22T02:40:43","guid":{"rendered":null},"modified":"-0001-11-30T00:00:00","modified_gmt":"-0001-11-30T00:00:00","slug":"the-government-fixes-the-reform-to-maintain-rights-holders-health","status":"publish","type":"post","link":"https:\/\/www.best-dentist-dentistry.com\/de\/the-government-fixes-the-reform-to-maintain-rights-holders-health\/26282","title":{"rendered":"Die Regierung behebt die Reform zur Erhaltung der Gesundheit der Rechte Inhaber"},"content":{"rendered":"<p class=\"first\"> Madrid, 15. Mai (EFE).-<span class=\"yshortcuts\" id=\"lw_1337103734_0\"> Die Regierung<\/span> hat das Dekret sanit\u00e4re Ma\u00dfnahmen zur Aufrechterhaltung des Status der \u00c4rzte fest und Krankenschwestern Inhaber von 4.000 Fachkr\u00e4fte aus den Zentren der <span class=\"yshortcuts\" id=\"lw_1337103734_2\"> Grundversorgung<\/span>, die die Norm gewesen sein, wie es war, als Beamten. erworbenen Rechte verloren h\u00e4tte<\/p>\n<p>das amtliche Bulletin des Staates heute ver\u00f6ffentlicht eine Korrektur von Fehlern auf dem Legislativdekret Gesundheitsma\u00dfnahmen in welche \u00c4nderungen eine Zusatzbestimmung Auswirkungen auf diese Gruppe durch Hinzuf\u00fcgen einer Phrase festzuhalten, diese Rechte.<\/p>\n<p>Fachleute, die ihren Platz in der Prim\u00e4rversorgung von Opposition gekauft oder wer waren in das System der \u00f6ffentlichen h\u00e4usliche Pflege (APD), in beiden F\u00e4llen zu l\u00f6schen, ist.<\/p>\n<p> &lt; p&gt; The decree which was published on 24 April included an additional provision that urged them to enroll in health as a fixed statutory personnel systems, and if they did not, the autonomous communities could ascribe them to administrative bodies that do not belong to the health<\/p>\n<p>main associations of doctors and nurses protested the measure and asked the Government that you changed it to maintain the acquired rights of these professionals, including, for example, the choose to retire to the 1960s or to seventy years.<\/p>\n<p>the BOE published today by this change one day after the last meeting with the Minister of health, Ana Mato, who has served his claim.<\/p>\n<p>sources of the Organization Medical College (WTO) have stressed to Efe &#8220;satisfaction&#8221; from the collective, which decreases &#8220;in large part&#8221; the &#8220;undesirables&#8221; effects that had this reform.<\/p>\n<p>the Standard hinzugef\u00fcgt, h\u00e4tte eine &#8220;Enteignung&#8221; bei ihrer Arbeit, nicht ge\u00e4ndert haben.<\/p>\n<p>der Pr\u00e4sident des Generalrats der Krankenpflege, Max Gonz\u00e1lez Jurado, hat gesagt Efe betont dieser Norm bleibt mit dieser \u00c4nderung &#8220;sehr gut&#8221;, weil es integriert diese Fachleute in primary Health Care-teams, aber ohne, dass sie verloren ihre Rechte.<\/p>\n<p>Gonzalez Jury wollte auch betonen, dass der Minister Ana Mato gezeigt hat &#8220;empfindlich&#8221; an den Sitzungen mit den Organisationen deshalb gehalten und in der Besprechung von gestern gab ihnen Ihr Engagement f\u00fcr diese \u00c4nderung.<\/p>\n","protected":false},"excerpt":{"rendered":"<p>Madrid, 15. Mai (EFE).- Die Regierung hat das Dekret sanit\u00e4re Ma\u00dfnahmen zur Aufrechterhaltung des Status der \u00c4rzte fest und Krankenschwestern Inhaber von 4.000 Fachkr\u00e4fte aus den Zentren der Grundversorgung, die die Norm gewesen sein, wie es war, als Beamten. erworbenen Rechte verloren h\u00e4tte das amtliche Bulletin des Staates heute ver\u00f6ffentlicht eine Korrektur von Fehlern auf [&hellip;]<\/p>\n","protected":false},"author":1,"featured_media":0,"comment_status":"close","ping_status":"open","sticky":false,"template":"","format":"standard","meta":{"footnotes":""},"categories":[3],"tags":[36909],"class_list":["post-26282","post","type-post","status-publish","format-standard","hentry","category-allgemeine","tag-rechte-inhaber","et-doesnt-have-format-content","et_post_format-et-post-format-standard"],"_links":{"self":[{"href":"https:\/\/www.best-dentist-dentistry.com\/de\/wp-json\/wp\/v2\/posts\/26282","targetHints":{"allow":["GET"]}}],"collection":[{"href":"https:\/\/www.best-dentist-dentistry.com\/de\/wp-json\/wp\/v2\/posts"}],"about":[{"href":"https:\/\/www.best-dentist-dentistry.com\/de\/wp-json\/wp\/v2\/types\/post"}],"author":[{"embeddable":true,"href":"https:\/\/www.best-dentist-dentistry.com\/de\/wp-json\/wp\/v2\/users\/1"}],"replies":[{"embeddable":true,"href":"https:\/\/www.best-dentist-dentistry.com\/de\/wp-json\/wp\/v2\/comments?post=26282"}],"version-history":[{"count":0,"href":"https:\/\/www.best-dentist-dentistry.com\/de\/wp-json\/wp\/v2\/posts\/26282\/revisions"}],"wp:attachment":[{"href":"https:\/\/www.best-dentist-dentistry.com\/de\/wp-json\/wp\/v2\/media?parent=26282"}],"wp:term":[{"taxonomy":"category","embeddable":true,"href":"https:\/\/www.best-dentist-dentistry.com\/de\/wp-json\/wp\/v2\/categories?post=26282"},{"taxonomy":"post_tag","embeddable":true,"href":"https:\/\/www.best-dentist-dentistry.com\/de\/wp-json\/wp\/v2\/tags?post=26282"}],"curies":[{"name":"wp","href":"https:\/\/api.w.org\/{rel}","templated":true}]}}