{"id":26389,"date":"2012-11-23T02:43:50","date_gmt":"2012-11-23T02:43:50","guid":{"rendered":null},"modified":"-0001-11-30T00:00:00","modified_gmt":"-0001-11-30T00:00:00","slug":"indians-accuse-morales-of-violating-human-rights-in-meeting-with-insulza","status":"publish","type":"post","link":"https:\/\/www.best-dentist-dentistry.com\/de\/indians-accuse-morales-of-violating-human-rights-in-meeting-with-insulza\/26389","title":{"rendered":"Indianer beschuldigen Morales zur Verletzung der Menschenrechte in Treffen mit Insulza"},"content":{"rendered":"<p class=\"first\"> Cochabamba (Bolivien), 3 jun (EFE).-die Ureinwohner Bolivien marschieren des Amazonas nach La Paz gegen eine Stra\u00dfe im Park heute Tipnis beschuldigte Pr\u00e4sident Evo Morales, der Verletzung seiner Rechte und diejenigen der anderen Bolivianer, bei einem Treffen mit dem Generalsekret\u00e4r der OAS, Jos\u00e9 Miguel Insulza.<\/p>\n<p>native F\u00fchrer Adolfo Ch\u00e1vez, Fernando Vargas, Rafael Quispe und andere traf mit Insulza f\u00fcr mehr als eine Stunde im Hotel in Cochabamba 42 Montage des Organismus in den n\u00e4chsten paar Stunden Regional. Installationsortes<\/p>\n<p>Vargas, Anf\u00fchrer der ethnischen Gruppen des Territoriums Ind\u00edgena Parque Nacional Isiboro Secure (Tipnis), berichtete, dass sie Insulza erkl\u00e4rt, &#8220;dass die Rechte der indigenen V\u00f6lker und auch das bolivianische Volk dieser Regierung, verletzt werden, weil niemand etwas Gegenteil sagen kann, weil er verfolgt und angeklagt ist&#8221;.<\/p>\n<p> &lt; p> No Se Trata Ac\u00e1 Expresamente de un Proyecto de Carretera, Sino De La Vida de Los Pueblos Ind\u00edgenas, de Esa Violaci\u00f3n Que Venimos Sufriendo&#8221;, Insisti\u00f3 el Dirigente, Que Encabeza la Marcha a La Paz Abs. Exigir ein Morales Que no Insista de la Obra, Que Constru\u00eda la Firma Brasile\u00f1a OAS.<\/p>\n<p>Es la Segunda Movilizaci\u00f3n de Ind\u00edgenas De La Amazon\u00eda de Menos de un A\u00f1o, Pues Entre Agosto y Octubre de 2011 la Primera Presion\u00f3 ein Morales Para Promulgar Una Ley Que Proh\u00edbe la Carretera De La Que el Mandatario Se Arrepinti\u00f3 Luego.<\/p>\n<p>Seg\u00fan Vargas, Insulza Les Prometi\u00f3 Pedir informiert al Gobierno de Morales Sobre las Investigaciones Realizadas Hasta Ahora Acerca De La Represi\u00f3n brutal Kriminalschriftsteller Sufrida Por Los Ind\u00edgenas el 25 de Septiembre Pasado, Durante la Primera Marcha.<\/p>\n<p>Agreg\u00f3 Que el Gobierno keine Hizo&#8221;Hasta Ahora Nada&#8221;Abs. Aclarar Por Qu\u00e9 Se Produjo Esa Operaci\u00f3n Que Deriv\u00f3 de Una Krise de Gabinete, Con Varias Renuncias de Los Ministerios de Gobierno y Defensa.<\/p>\n<p>Las Amazonas ethnische Gruppen argumentieren, dass Tipnis eine \u00f6kologische Reserve von gro\u00dfem Wert durch seine au\u00dfergew\u00f6hnliche Fauna und Flora und Gefahr l\u00e4uft, wird von den Herstellern der Kokabl\u00e4tter, Rohmaterial von Kokain aus der Umgebung von Chapare, politische und gewerkschaftliche Bastion der Morales. drangen<\/p>\n<p>&#8220;jenseits des Themenparks, gesagt von vorne gibt es eine Verletzung der Rechte. Garanten dieser Rechte muss sein&#8221;, sagte Quispe, und hinzugef\u00fcgt, dass Insulza mitverantwortlich f\u00fcr den Schutz ihrer Rechte werden.<\/p>\n<p>der indigenen Bev\u00f6lkerung hinzugef\u00fcgt, die sie Insulza, die der Interamerikanischen Kommission f\u00fcr Menschenrechte (IACHR) erhalten sie w\u00e4hrend der 42 Versammlung, die bis Dienstag weiterhin angefordert haben, zu erkl\u00e4ren, ihre Forderungen. EFE<\/p>\n<p>ja\/bin\/Jrh<\/p>\n","protected":false},"excerpt":{"rendered":"<p>Cochabamba (Bolivien), 3 jun (EFE).-die Ureinwohner Bolivien marschieren des Amazonas nach La Paz gegen eine Stra\u00dfe im Park heute Tipnis beschuldigte Pr\u00e4sident Evo Morales, der Verletzung seiner Rechte und diejenigen der anderen Bolivianer, bei einem Treffen mit dem Generalsekret\u00e4r der OAS, Jos\u00e9 Miguel Insulza. native F\u00fchrer Adolfo Ch\u00e1vez, Fernando Vargas, Rafael Quispe und andere traf [&hellip;]<\/p>\n","protected":false},"author":1,"featured_media":0,"comment_status":"close","ping_status":"open","sticky":false,"template":"","format":"standard","meta":{"footnotes":""},"categories":[3],"tags":[],"class_list":["post-26389","post","type-post","status-publish","format-standard","hentry","category-allgemeine","et-doesnt-have-format-content","et_post_format-et-post-format-standard"],"_links":{"self":[{"href":"https:\/\/www.best-dentist-dentistry.com\/de\/wp-json\/wp\/v2\/posts\/26389","targetHints":{"allow":["GET"]}}],"collection":[{"href":"https:\/\/www.best-dentist-dentistry.com\/de\/wp-json\/wp\/v2\/posts"}],"about":[{"href":"https:\/\/www.best-dentist-dentistry.com\/de\/wp-json\/wp\/v2\/types\/post"}],"author":[{"embeddable":true,"href":"https:\/\/www.best-dentist-dentistry.com\/de\/wp-json\/wp\/v2\/users\/1"}],"replies":[{"embeddable":true,"href":"https:\/\/www.best-dentist-dentistry.com\/de\/wp-json\/wp\/v2\/comments?post=26389"}],"version-history":[{"count":0,"href":"https:\/\/www.best-dentist-dentistry.com\/de\/wp-json\/wp\/v2\/posts\/26389\/revisions"}],"wp:attachment":[{"href":"https:\/\/www.best-dentist-dentistry.com\/de\/wp-json\/wp\/v2\/media?parent=26389"}],"wp:term":[{"taxonomy":"category","embeddable":true,"href":"https:\/\/www.best-dentist-dentistry.com\/de\/wp-json\/wp\/v2\/categories?post=26389"},{"taxonomy":"post_tag","embeddable":true,"href":"https:\/\/www.best-dentist-dentistry.com\/de\/wp-json\/wp\/v2\/tags?post=26389"}],"curies":[{"name":"wp","href":"https:\/\/api.w.org\/{rel}","templated":true}]}}