{"id":26406,"date":"2012-11-23T02:46:30","date_gmt":"2012-11-23T02:46:30","guid":{"rendered":null},"modified":"-0001-11-30T00:00:00","modified_gmt":"-0001-11-30T00:00:00","slug":"rousseff-stressed-ecological-effort-of-brazil-a-few-days-before-the-rio-20","status":"publish","type":"post","link":"https:\/\/www.best-dentist-dentistry.com\/de\/rousseff-stressed-ecological-effort-of-brazil-a-few-days-before-the-rio-20\/26406","title":{"rendered":"Rousseff betonte \u00f6kologischen Bem\u00fchungen von Brasilien, wenige Tage vor der Rio + 20"},"content":{"rendered":"<p class=\"first\"> Brasilia, 11 Juni (<span class=\"yshortcuts\" id=\"lw_1339416262_3\"> EFE<\/span>).-<span class=\"yshortcuts\" id=\"lw_1339416262_0\"> Brasilien<\/span> &#8220;hat das Privileg, die gr\u00f6\u00dfte Fl\u00e4che der Schutz <span class=\"yshortcuts\"id=\"lw_1339416262_5\"> W\u00e4lder der Welt&#8221;<\/span> und kann &#8220;bin stolz f\u00fcr die M\u00fche, die macht, sie zu sch\u00fctzen&#8221;, sagte heute der Pr\u00e4sidentin <span class=\"yshortcuts\" id=\"lw_1339416262_1\"> Dilma Rousseff<\/span>, fast am Vorabend der Konferenz \u00fcber nachhaltige Entwicklung Rio + 20.<\/p>\n<p>der Vorbereitungsphase der Konferenz, die zwei Jahrzehnte nach dem <span class=\"yshortcuts\" id=\"lw_1339416262_8\"> Erdgipfel<\/span> (Eco92) findet, wird in <span class=\"yshortcuts\" id=\"lw_1339416262_7\"> Rio De Janeiro<\/span> am kommenden Mittwoch starten und f\u00f6rdern eine globale Diskussion \u00fcber die Notwendigkeit neue produktive und wirtschaftliche Modelle, die Rechnung zu, einen gr\u00f6\u00dferen Schutz der Umwelt tragen.<\/p>\n<p> &lt; p&gt; Zwischen den n\u00e4chsten Tagen 20 und 22, d\u00fcrften f\u00fcr die Endphase der Ernennung Delegationen aus rund 180 L\u00e4ndern, von denen etwa hundert ihrer Staats-vertreten sein werden und der Regierung.<\/p>\n<p>Rousseff heute seine regelm\u00e4\u00dfige Radiosendung jeden Montag, kommentieren Sie letzte Woche, wonach die Preise der Abholzung im Amazonas Gebiet weiter zur\u00fcckgehen als nachhaltig versteht gewidmet.<\/p>\n<p>die Vorsitzende zur\u00fcckzuf\u00fchren, diese Reduktion auf &#8220;starke Regierung Aktion&#8221; sowohl bei der Bek\u00e4mpfung der Umweltkriminalit\u00e4t in der F\u00f6rderung der Entwicklung des weniger aggressiv mit dem \u00d6kosystem.<\/p>\n<p>&#8220;Ist auch wichtig zu sagen, dass wir angeboten haben, Alternativen f\u00fcr die Produktion und Einkommen der Bev\u00f6lkerung lebt in den W\u00e4ldern, so k\u00f6nnen sie erzeugen und ohne Zerst\u00f6rung der Umwelt, ihren Lebensunterhalt zu gew\u00e4hrleisten&#8221;, sagte.<\/p>\n<p> &lt; p&gt; Bezeichnet, unter andere Pl\u00e4ne, um die so genannte &#8220;gr\u00fcne Tasche&#8221; ein Rahmenprogramm, durch die die Regierung 300 Real (etwa 150 Dollar) pro Monat, um die Familien von Kleinbauern in der Amazonas-Region, im Austausch f\u00fcr das Engagement der nicht Desforestar neue Bereiche bietet.<\/p>\n<p>Staatschef darauf bestanden, dass Brasilien &#8220;fast 80 Prozent der Amazonas-Region&#8221; erhalten hat und im Vergleich dieser Daten mit denen Kontinent Europa h\u00e4lt, die &#8220;die beh\u00e4lt nur etwa 10 Prozent&#8221;, sagte, der eigene \u00d6kosysteme Originale.<\/p>\n<p>nach Rousseff, Brasilien hat damit begonnen, entwerfen und implementieren ein neues Modell einer nachhaltigen Entwicklung, auf die F\u00f6rderung des Wirtschaftswachstums mit soziale Eingliederung und die Erhaltung der Umwelt.<\/p>\n<p>&#8220;das ist was wir pr\u00e4sentieren w\u00e4hrend der Konferenz Rio + 20&#8221;, sagte Rousseff. EFE<\/p>\n","protected":false},"excerpt":{"rendered":"<p>Brasilia, 11 Juni ( EFE).- Brasilien &#8220;hat das Privileg, die gr\u00f6\u00dfte Fl\u00e4che der Schutz W\u00e4lder der Welt&#8221; und kann &#8220;bin stolz f\u00fcr die M\u00fche, die macht, sie zu sch\u00fctzen&#8221;, sagte heute der Pr\u00e4sidentin Dilma Rousseff, fast am Vorabend der Konferenz \u00fcber nachhaltige Entwicklung Rio + 20. der Vorbereitungsphase der Konferenz, die zwei Jahrzehnte nach dem [&hellip;]<\/p>\n","protected":false},"author":1,"featured_media":0,"comment_status":"close","ping_status":"open","sticky":false,"template":"","format":"standard","meta":{"footnotes":""},"categories":[3],"tags":[],"class_list":["post-26406","post","type-post","status-publish","format-standard","hentry","category-allgemeine","et-doesnt-have-format-content","et_post_format-et-post-format-standard"],"_links":{"self":[{"href":"https:\/\/www.best-dentist-dentistry.com\/de\/wp-json\/wp\/v2\/posts\/26406","targetHints":{"allow":["GET"]}}],"collection":[{"href":"https:\/\/www.best-dentist-dentistry.com\/de\/wp-json\/wp\/v2\/posts"}],"about":[{"href":"https:\/\/www.best-dentist-dentistry.com\/de\/wp-json\/wp\/v2\/types\/post"}],"author":[{"embeddable":true,"href":"https:\/\/www.best-dentist-dentistry.com\/de\/wp-json\/wp\/v2\/users\/1"}],"replies":[{"embeddable":true,"href":"https:\/\/www.best-dentist-dentistry.com\/de\/wp-json\/wp\/v2\/comments?post=26406"}],"version-history":[{"count":0,"href":"https:\/\/www.best-dentist-dentistry.com\/de\/wp-json\/wp\/v2\/posts\/26406\/revisions"}],"wp:attachment":[{"href":"https:\/\/www.best-dentist-dentistry.com\/de\/wp-json\/wp\/v2\/media?parent=26406"}],"wp:term":[{"taxonomy":"category","embeddable":true,"href":"https:\/\/www.best-dentist-dentistry.com\/de\/wp-json\/wp\/v2\/categories?post=26406"},{"taxonomy":"post_tag","embeddable":true,"href":"https:\/\/www.best-dentist-dentistry.com\/de\/wp-json\/wp\/v2\/tags?post=26406"}],"curies":[{"name":"wp","href":"https:\/\/api.w.org\/{rel}","templated":true}]}}