{"id":2645,"date":"2011-11-30T10:01:43","date_gmt":"2011-11-30T10:01:43","guid":{"rendered":null},"modified":"-0001-11-30T00:00:00","modified_gmt":"-0001-11-30T00:00:00","slug":"further-stresses-that-the-decisions-of-the-government-are-above-the-reflections-of-ruiz","status":"publish","type":"post","link":"https:\/\/www.best-dentist-dentistry.com\/de\/further-stresses-that-the-decisions-of-the-government-are-above-the-reflections-of-ruiz\/2645","title":{"rendered":"Aber er betont, die die Entscheidungen der Regierung \u00fcber die Reflexionen der Ruiz"},"content":{"rendered":"<p>Barcelona, 30 nov (EFE).-der Pr\u00e4sident der Generalitat, Artur Mas, hat heute deutlich gemacht, in Bezug auf die Kontroverse generiert vom Minister f\u00fcr Gesundheit, Boi Ruiz, wegen der Richtlinien im Gesundheitswesen, die die Entscheidungen der Regierung \u00fcber die Reflexionen der ein<\/p>\n<p> Berater.<\/p>\n<p>Als Antwort auf eine Frage auf der Tagung der Kontrolle durch das Parlament von der F\u00fchrer der ICV, Joan Herrera, hat der Pr\u00e4sident betont, dass eine Sache sind die Entscheidungen der Balearischen Regierung und andere pers\u00f6nlichen Ansichten, und bemerkte, dass seine Regierung nicht &#8220;klingenden Balloons&#8221;.<\/p>\n<p>&#8220;Finden Sie immer ein Spiegelbild im Rahmen einer Sitzung von was auch immer gemacht.&#8221; &#8220;Wenn Sie Streit mit diesem erstellen m\u00f6chten, k\u00f6nnen Sie jede Woche zu tun, aber Blick auf die Entscheidungen,&#8221; sagte Mas in Bezug auf die Ansichten des Eigent\u00fcmers der Gesundheit.<\/p>\n<p>BOI Ruiz Gestern fand eine Konferenz einberufen, Katalanisch Assoziation von Gesundheitseinrichtungen (ACES), zu sagen, dass eine Formel f\u00fcr das \u00f6ffentliche Gesundheitswesen Finanzierung die B\u00fcrger gezwungen werden k\u00f6nnte mit ein gewisses Einkommen zu schlie\u00dfen eine medizinische Versicherung.<\/p>\n<p>Die Regierung pr\u00e4zisiert jedoch sp\u00e4ter durch die Abteilung von Gesundheit, die l\u00f6st diese M\u00f6glichkeit, was bedeutet, dass es nur pers\u00f6nliche Reflexion der Regionalminister war.<\/p>\n<p>In der Zwischenzeit hat der Vorsitzende der Gruppe ICV-EUiA im Parlament, Joan Herrera, erschlossen die Control-Sitzung zu behaupten, mehr monographische Debatte im Parlament zu wissen, dass &#8220;Was ist die Grenze&#8221; der Regierung in Bezug auf die Schnitte, w\u00e4hrend der F\u00fchrer der Ciutadans, Albert Rivera, forderte eine au\u00dferordentliche zu sprechen, die Gesundheitsversorgung Modell.<\/p>\n<p>Unter der Annahme, dass Verst\u00e4ndnis mit CiU &#8220;ist unm\u00f6glich&#8221;, Herrera wurde f\u00fcr mehr &#8220;eine \u00c4nderung der Methode&#8221; aufgerufen und, dass der Balearischen Regierung nicht bei der Einf\u00fchrung von Ballons Pr\u00fcfpunkt, aber einmal weit definieren will in ihren Einstellungen.<\/p>\n<p>Wird nicht \u00fcbernommen oder zu einem oder zu einem anderen Monographie Debatte, und es wurde vorgeschlagen, dass man von allen sprechen kann, und das wirtschaftliche Wachstum, wenn die Haushalte die Generalit\u00c3 \u00a4 T von 2012 verarbeitet werden.<\/p>\n<p>Herrera angeprangert hat, dass die Regierung versprach nicht zu senken das Gehalt des Beamten jetzt wieder stattdessen sein Wort bricht und einige \u00f6ffentliche Kommunikation der Qualit\u00e4t Medien best\u00e4tigte, w\u00e4hrend die meisten ICV zu halten die gleiche Rede Demagogen unabh\u00e4ngig vom Ergebnis der j\u00fcngsten Wahlen kritisiert.<\/p>\n","protected":false},"excerpt":{"rendered":"<p>Barcelona, 30 nov (EFE).-der Pr\u00e4sident der Generalitat, Artur Mas, hat heute deutlich gemacht, in Bezug auf die Kontroverse generiert vom Minister f\u00fcr Gesundheit, Boi Ruiz, wegen der Richtlinien im Gesundheitswesen, die die Entscheidungen der Regierung \u00fcber die Reflexionen der ein Berater. Als Antwort auf eine Frage auf der Tagung der Kontrolle durch das Parlament von [&hellip;]<\/p>\n","protected":false},"author":1,"featured_media":0,"comment_status":"close","ping_status":"open","sticky":false,"template":"","format":"standard","meta":{"footnotes":""},"categories":[3],"tags":[9438,9439],"class_list":["post-2645","post","type-post","status-publish","format-standard","hentry","category-allgemeine","tag-quadratmetern","tag-reflexionen","et-doesnt-have-format-content","et_post_format-et-post-format-standard"],"_links":{"self":[{"href":"https:\/\/www.best-dentist-dentistry.com\/de\/wp-json\/wp\/v2\/posts\/2645","targetHints":{"allow":["GET"]}}],"collection":[{"href":"https:\/\/www.best-dentist-dentistry.com\/de\/wp-json\/wp\/v2\/posts"}],"about":[{"href":"https:\/\/www.best-dentist-dentistry.com\/de\/wp-json\/wp\/v2\/types\/post"}],"author":[{"embeddable":true,"href":"https:\/\/www.best-dentist-dentistry.com\/de\/wp-json\/wp\/v2\/users\/1"}],"replies":[{"embeddable":true,"href":"https:\/\/www.best-dentist-dentistry.com\/de\/wp-json\/wp\/v2\/comments?post=2645"}],"version-history":[{"count":0,"href":"https:\/\/www.best-dentist-dentistry.com\/de\/wp-json\/wp\/v2\/posts\/2645\/revisions"}],"wp:attachment":[{"href":"https:\/\/www.best-dentist-dentistry.com\/de\/wp-json\/wp\/v2\/media?parent=2645"}],"wp:term":[{"taxonomy":"category","embeddable":true,"href":"https:\/\/www.best-dentist-dentistry.com\/de\/wp-json\/wp\/v2\/categories?post=2645"},{"taxonomy":"post_tag","embeddable":true,"href":"https:\/\/www.best-dentist-dentistry.com\/de\/wp-json\/wp\/v2\/tags?post=2645"}],"curies":[{"name":"wp","href":"https:\/\/api.w.org\/{rel}","templated":true}]}}