{"id":26603,"date":"2012-11-24T02:44:27","date_gmt":"2012-11-24T02:44:27","guid":{"rendered":null},"modified":"-0001-11-30T00:00:00","modified_gmt":"-0001-11-30T00:00:00","slug":"president-of-ecuador-arrives-in-bolivia-to-intervene-in-the-oas-assembly","status":"publish","type":"post","link":"https:\/\/www.best-dentist-dentistry.com\/de\/president-of-ecuador-arrives-in-bolivia-to-intervene-in-the-oas-assembly\/26603","title":{"rendered":"Pr\u00e4sident von Ecuador kommt in Bolivien intervenieren in der OAS Baugruppe"},"content":{"rendered":"<p class=\"first\"> <span class=\"yshortcuts\" id=\"lw_1338810725_6\"> Cochabamba<\/span> (<span class=\"yshortcuts\" id=\"lw_1338810725_8\"> Bolivien<\/span>), 3 jun (<span class=\"yshortcuts\" id=\"lw_1338810725_4\"> EFE<\/span>).-<span class=\"yshortcuts\" id=\"lw_1338810725_3\"> Der Pr\u00e4sident von Ecuador<\/span>, <span class=\"yshortcuts\" id=\"lw_1338810725_0\"> Rafael Correa<\/span>, kamen in den fr\u00fchen Morgenstunden von heute in der bolivianischen Stadt Cochabamba, in der 42 Versammlung der <span class=\"yshortcuts\" id=\"lw_1338810725_1\"> OAS<\/span> einzugreifen und verteidigt seinen Vorschlag f\u00fcr die Reform des <span class=\"yshortcuts\" id=\"lw_1338810725_5\"> Interamerikanische Menschenrechtssystem<\/span>.<\/p>\n<p>die bolivianischen Au\u00dfenministerium Quelle sagte Efe, Correa fr\u00fch mit Pr\u00e4sident treffen wird <span class=\"yshortcuts\" id=\"lw_1338810725_2\"> Evo &#8220;Morales<\/span>, who invited him to attend the meeting of Foreign Ministers, which opened on Sunday night, and then will participate in the first sessions of discussions at the Forum regional.<\/p>\n<p>the Assembly was convened to discuss, firstly, hunger and malnutrition in the region, affecting 53 million Latin Americans and Caribbeans, but in previous debates have dominated the possible reforms of the Inter-American human rights system ordered by belt and their allies.<\/p>\n<p>the Ecuadorian President has anticipated that you visit Bolivia to put&#8221;in place&#8221;bureaucracy international.<\/p>\n<p>&#8220;We decided to participate in <span class=\"yshortcuts\" id=\"lw_1338810725_7\"> the Assembly<\/span> of the OAS to put on your website to certain international bureaucracy who believes above our States,&#8221;said representative Ecuadorian.<\/p>\n<p>his Foreign Minister, Ricardo Pati\u00f1o, said hours earlier that&#8221; OAS reinvents itself, or will disappear. has No other way &#8220;.<\/p>\n<p>&#8220;&#8221;Mit progressive Regierungen, die gibt es in Lateinamerika, OAS kann nicht fortgesetzt werden da gut. zu ihrem verschwinden bestimmt ist, wenn Sie ihre Neuerfindung akzeptieren&#8221;, sagte der Minister.<\/p>\n<p>bei der Er\u00f6ffnung des Forums, Morales verlangte, dass der Interamerikanischen Kommission f\u00fcr Menschenrechte auch sollte \u00fcberwacht der Vereinigten Staaten oder, wenn nicht, &#8220;besser, die verschwinden&#8221;.<\/p>\n<p>Morales sagte, da\u00df &#8220;das Problem der Menschenrechte nur in einigen L\u00e4ndern, wo der Pr\u00e4sident, die Regierung nicht mit der Politik der Regierung der Vereinigten Staaten einverstanden, anzeigen&#8221; Ausschuss Anspielung seine Verb\u00fcndeten aus die Bolivarianische Allianz (Alba), insbesondere in Ecuador und Venezuela. EFE<\/p>\n<p>ja\/bin\/Rml<\/p>\n","protected":false},"excerpt":{"rendered":"<p>Cochabamba ( Bolivien), 3 jun ( EFE).- Der Pr\u00e4sident von Ecuador, Rafael Correa, kamen in den fr\u00fchen Morgenstunden von heute in der bolivianischen Stadt Cochabamba, in der 42 Versammlung der OAS einzugreifen und verteidigt seinen Vorschlag f\u00fcr die Reform des Interamerikanische Menschenrechtssystem. die bolivianischen Au\u00dfenministerium Quelle sagte Efe, Correa fr\u00fch mit Pr\u00e4sident treffen wird Evo [&hellip;]<\/p>\n","protected":false},"author":1,"featured_media":0,"comment_status":"close","ping_status":"open","sticky":false,"template":"","format":"standard","meta":{"footnotes":""},"categories":[3],"tags":[37200],"class_list":["post-26603","post","type-post","status-publish","format-standard","hentry","category-allgemeine","tag-oas-baugruppe","et-doesnt-have-format-content","et_post_format-et-post-format-standard"],"_links":{"self":[{"href":"https:\/\/www.best-dentist-dentistry.com\/de\/wp-json\/wp\/v2\/posts\/26603","targetHints":{"allow":["GET"]}}],"collection":[{"href":"https:\/\/www.best-dentist-dentistry.com\/de\/wp-json\/wp\/v2\/posts"}],"about":[{"href":"https:\/\/www.best-dentist-dentistry.com\/de\/wp-json\/wp\/v2\/types\/post"}],"author":[{"embeddable":true,"href":"https:\/\/www.best-dentist-dentistry.com\/de\/wp-json\/wp\/v2\/users\/1"}],"replies":[{"embeddable":true,"href":"https:\/\/www.best-dentist-dentistry.com\/de\/wp-json\/wp\/v2\/comments?post=26603"}],"version-history":[{"count":0,"href":"https:\/\/www.best-dentist-dentistry.com\/de\/wp-json\/wp\/v2\/posts\/26603\/revisions"}],"wp:attachment":[{"href":"https:\/\/www.best-dentist-dentistry.com\/de\/wp-json\/wp\/v2\/media?parent=26603"}],"wp:term":[{"taxonomy":"category","embeddable":true,"href":"https:\/\/www.best-dentist-dentistry.com\/de\/wp-json\/wp\/v2\/categories?post=26603"},{"taxonomy":"post_tag","embeddable":true,"href":"https:\/\/www.best-dentist-dentistry.com\/de\/wp-json\/wp\/v2\/tags?post=26603"}],"curies":[{"name":"wp","href":"https:\/\/api.w.org\/{rel}","templated":true}]}}