{"id":26605,"date":"2012-11-24T02:44:40","date_gmt":"2012-11-24T02:44:40","guid":{"rendered":null},"modified":"-0001-11-30T00:00:00","modified_gmt":"-0001-11-30T00:00:00","slug":"ecuador-foreign-minister-affirms-reinvents-the-oas-or-oas-will-disappear","status":"publish","type":"post","link":"https:\/\/www.best-dentist-dentistry.com\/de\/ecuador-foreign-minister-affirms-reinvents-the-oas-or-oas-will-disappear\/26605","title":{"rendered":"Ecuador Au\u00dfenminister bekr\u00e4ftigt &#8220;erfindet, das, die Verschwinden der OAS oder OAS&#8221;"},"content":{"rendered":"<p class=\"first\"> Cochabamba (Bolivia), 3 jun (EFE).-<span class=\"yshortcuts\" id=\"lw_1338753854_1\"> The Ecuador Foreign Minister<\/span>, <span class=\"yshortcuts\" id=\"lw_1338753854_3\"> Ricardo Pati\u00f1o<\/span>, said today that &#8220;or the OAS reinvents itself, or disappear,&#8221; and confirmed that its President, Rafael Correa, will tomorrow defend in Bolivia, in the 42 Assembly of the body, changes in the Inter-American system of rights humans.<\/p>\n<p>&#8220;O the OAS reinvents itself, or the OAS will disappear. No has another way&#8221;, Pati\u00f1o told Bolivian media during the inauguration of a social forum by the Bolivian President, Evo Morales, in the central city of Cochabamba, seat of the Assembly.<\/p>\n<p>&#8220;with progressive Governments that there are in Latin America, the OAS can not continue as well. is destined to its disappearance unless you accept their reinvention&#8221;, added.<\/p>\n<p>belt intends to arrive at this city in the early hours of Monday, after having been invited by Morales.<\/p>\n<p>the &#8220;&#8221; Ecuadorianischen Pr\u00e4sidenten &#8220;wird zu erkl\u00e4ren, weil uns die Nachfrage der OAS und des Interamerikanischen Systems der Menschenrechte die grundlegenden \u00c4nderungen, die auftreten,&#8221; sagte Patino.<\/p>\n<p>f\u00fcgte er hinzu, dass der Vorschlag ist, dass dieses System wird ein F\u00f6rderer der sozialen und kollektiven Rechte der V\u00f6lker, weil nicht nur der einzelne, die auch sie verteidigen muss, respektieren sie, nat\u00fcrlich, ja &#8220;.<\/p>\n<p>&#8221; die Werteskala der OAS unterschiedlich festgelegt werden muss und das ist kommen wir zu verklagen, &#8220;argumentierte.<\/p>\n<p>betont die Unterschiede zwischen&#8221;die Millionen von Dollar&#8221;, die der Berichterstatter zugewiesen sind, die Freiheit der Meinungs\u00e4u\u00dferung, verteidigt&#8221;das ist eigentlich in der Verteidigung von einigen Medien&#8221;, und eine Kommission, die f\u00fcr indigene Fragen ber\u00fchrt, die&#8221;$ 20.000&#8243;hat.<\/p>\n<p>bestand darauf, dass die Rechte&#8221;Soziales, Wirtschaft, der Gesellschaft grundlegende &#8220;und Gruppen, z. B. im Hinblick auf Bildung, Gesundheit oder soziale Eingliederung, sind nicht vertreten, dass das Interamerikanische System der Rechte Menschen.<\/p>\n<p>&#8220;jeder wei\u00df, was passieren kann, wenn niemand normalerweise in ihrem Haus. Hirschleder Startseite geht&#8221;, warnte Pati\u00f1o, konsultiert zu werden, was passieren wird wenn nicht die Nachfrage nach Ecuador in den OAS. EFE akzeptiert<\/p>\n<p>ja\/bin\/Lnm<\/p>\n","protected":false},"excerpt":{"rendered":"<p>Cochabamba (Bolivia), 3 jun (EFE).- The Ecuador Foreign Minister, Ricardo Pati\u00f1o, said today that &#8220;or the OAS reinvents itself, or disappear,&#8221; and confirmed that its President, Rafael Correa, will tomorrow defend in Bolivia, in the 42 Assembly of the body, changes in the Inter-American system of rights humans. &#8220;O the OAS reinvents itself, or the [&hellip;]<\/p>\n","protected":false},"author":1,"featured_media":0,"comment_status":"close","ping_status":"open","sticky":false,"template":"","format":"standard","meta":{"footnotes":""},"categories":[3],"tags":[37201,37200],"class_list":["post-26605","post","type-post","status-publish","format-standard","hentry","category-allgemeine","tag-auenminister","tag-oas-baugruppe","et-doesnt-have-format-content","et_post_format-et-post-format-standard"],"_links":{"self":[{"href":"https:\/\/www.best-dentist-dentistry.com\/de\/wp-json\/wp\/v2\/posts\/26605","targetHints":{"allow":["GET"]}}],"collection":[{"href":"https:\/\/www.best-dentist-dentistry.com\/de\/wp-json\/wp\/v2\/posts"}],"about":[{"href":"https:\/\/www.best-dentist-dentistry.com\/de\/wp-json\/wp\/v2\/types\/post"}],"author":[{"embeddable":true,"href":"https:\/\/www.best-dentist-dentistry.com\/de\/wp-json\/wp\/v2\/users\/1"}],"replies":[{"embeddable":true,"href":"https:\/\/www.best-dentist-dentistry.com\/de\/wp-json\/wp\/v2\/comments?post=26605"}],"version-history":[{"count":0,"href":"https:\/\/www.best-dentist-dentistry.com\/de\/wp-json\/wp\/v2\/posts\/26605\/revisions"}],"wp:attachment":[{"href":"https:\/\/www.best-dentist-dentistry.com\/de\/wp-json\/wp\/v2\/media?parent=26605"}],"wp:term":[{"taxonomy":"category","embeddable":true,"href":"https:\/\/www.best-dentist-dentistry.com\/de\/wp-json\/wp\/v2\/categories?post=26605"},{"taxonomy":"post_tag","embeddable":true,"href":"https:\/\/www.best-dentist-dentistry.com\/de\/wp-json\/wp\/v2\/tags?post=26605"}],"curies":[{"name":"wp","href":"https:\/\/api.w.org\/{rel}","templated":true}]}}