{"id":26621,"date":"2012-11-24T03:29:09","date_gmt":"2012-11-24T03:29:09","guid":{"rendered":null},"modified":"-0001-11-30T00:00:00","modified_gmt":"-0001-11-30T00:00:00","slug":"total-unity-of-action-of-physicians-in-its-calls-for-strike-against-the-plan-of-measures-for-the-health-of-the-community-of-madrid-system","status":"publish","type":"post","link":"https:\/\/www.best-dentist-dentistry.com\/de\/total-unity-of-action-of-physicians-in-its-calls-for-strike-against-the-plan-of-measures-for-the-health-of-the-community-of-madrid-system\/26621","title":{"rendered":"Gesamt Aktionseinheit der \u00c4rzte in seine Anrufe f\u00fcr Schlag gegen den Plan der Ma\u00dfnahmen f\u00fcr die Gesundheit der Gemeinschaft der Madrider system"},"content":{"rendered":"<p><font size=\"2\"> <strong><font size=\"3\"> total Aktionseinheit der \u00c4rzte in seinen Forderungen nach Schlag gegen den Plan der Ma\u00dfnahmen f\u00fcr die Gesundheit der Gemeinschaft von Madrid System<\/font> <\/p>\n<p> Madrid, November 2012 &#8211;<\/strong> der ernsten Lage mit Blick auf die Gesundheit der Gemeinschaft von Madrid nach der Ank\u00fcndigung des Ministeriums f\u00fcr seinen Plan der Ma\u00dfnahmen gew\u00e4hrleisten die Nachhaltigkeit des Gesundheitssystems der Gemeinschaft von MadridEs hat zwei Aufforderungen zur Streik hervorgerufen, die in einige Termine \u00fcberschneiden. Einerseits haben 6 Gewerkschaftsorganisationen mit Pr\u00e4senz in sektoralen Tabelle Gesundheit von Madrid Generalstreik am 26. und 27. November und 4 und 5. Dezember einberufen. Seinerseits AFEM Ruft unbefristeten Streik von \u00c4rzten mit beginnt am 26. November und das wirkt sich auf unbestimmte Zeit von Montag bis Donnerstag jeder Woche. Daher ruft beide Tag 26, 27, 4 und 5 \u00dcberlappung. <\/p>\n<p>Nachdem die Gespr\u00e4che zwischen den Organisationen ist verpflichtet sich, folgende: <\/p>\n<p>-AFEM unterst\u00fctzt die Einberufung der Gewerkschaften der sektoralen Tabelle 6. <\/p>\n<p> &#8211; f\u00fcr seinen Teil, AMYTS und SIME, Unterst\u00fctzung und F\u00f6rderung der \u00c4rzte zu unterst\u00fctzen, die Einberufung der AFEM. <\/p>\n<p><\/font><\/p>\n","protected":false},"excerpt":{"rendered":"<p>total Aktionseinheit der \u00c4rzte in seinen Forderungen nach Schlag gegen den Plan der Ma\u00dfnahmen f\u00fcr die Gesundheit der Gemeinschaft von Madrid System Madrid, November 2012 &#8211; der ernsten Lage mit Blick auf die Gesundheit der Gemeinschaft von Madrid nach der Ank\u00fcndigung des Ministeriums f\u00fcr seinen Plan der Ma\u00dfnahmen gew\u00e4hrleisten die Nachhaltigkeit des Gesundheitssystems der Gemeinschaft [&hellip;]<\/p>\n","protected":false},"author":1,"featured_media":0,"comment_status":"close","ping_status":"open","sticky":false,"template":"","format":"standard","meta":{"footnotes":""},"categories":[3],"tags":[37211,37212],"class_list":["post-26621","post","type-post","status-publish","format-standard","hentry","category-allgemeine","tag-gesamt","tag-madrider","et-doesnt-have-format-content","et_post_format-et-post-format-standard"],"_links":{"self":[{"href":"https:\/\/www.best-dentist-dentistry.com\/de\/wp-json\/wp\/v2\/posts\/26621","targetHints":{"allow":["GET"]}}],"collection":[{"href":"https:\/\/www.best-dentist-dentistry.com\/de\/wp-json\/wp\/v2\/posts"}],"about":[{"href":"https:\/\/www.best-dentist-dentistry.com\/de\/wp-json\/wp\/v2\/types\/post"}],"author":[{"embeddable":true,"href":"https:\/\/www.best-dentist-dentistry.com\/de\/wp-json\/wp\/v2\/users\/1"}],"replies":[{"embeddable":true,"href":"https:\/\/www.best-dentist-dentistry.com\/de\/wp-json\/wp\/v2\/comments?post=26621"}],"version-history":[{"count":0,"href":"https:\/\/www.best-dentist-dentistry.com\/de\/wp-json\/wp\/v2\/posts\/26621\/revisions"}],"wp:attachment":[{"href":"https:\/\/www.best-dentist-dentistry.com\/de\/wp-json\/wp\/v2\/media?parent=26621"}],"wp:term":[{"taxonomy":"category","embeddable":true,"href":"https:\/\/www.best-dentist-dentistry.com\/de\/wp-json\/wp\/v2\/categories?post=26621"},{"taxonomy":"post_tag","embeddable":true,"href":"https:\/\/www.best-dentist-dentistry.com\/de\/wp-json\/wp\/v2\/tags?post=26621"}],"curies":[{"name":"wp","href":"https:\/\/api.w.org\/{rel}","templated":true}]}}