{"id":26629,"date":"2012-11-24T03:29:55","date_gmt":"2012-11-24T03:29:55","guid":{"rendered":null},"modified":"-0001-11-30T00:00:00","modified_gmt":"-0001-11-30T00:00:00","slug":"80-of-institutionalized-minors-may-reach-rehabilitation","status":"publish","type":"post","link":"https:\/\/www.best-dentist-dentistry.com\/de\/80-of-institutionalized-minors-may-reach-rehabilitation\/26629","title":{"rendered":"80 % Der institutionalisierten Minderj\u00e4hrige kann Sanierung erreichen."},"content":{"rendered":"<p><strong>80 % Der institutionalisierten Minderj\u00e4hrige erreichen Sanierung <\/p>\n<p><\/strong><font size=\"2\"> <strong>III interdisziplin\u00e4re Konferenz: das institutionalisierte Kind<\/strong> <\/p>\n<p>-Nach Daten 2011-2012 des Statistischen Instituts von Katalonien (IDESCAT) gibt es in institutionalisierten Zustand 6.888 Minderj\u00e4hrige. <\/p>\n<p>-Nach Angaben der Soziologe Ram\u00f3n Quilis kriminellen Pr\u00e4valenz ist etwa 26 % der F\u00e4lle. <\/p>\n<p><strong>Barcelona, November 2012.-<\/strong> Derzeit k\u00f6nnen 80 % der institutionalisierten Minderj\u00e4hrige erreichen Rehabilitation. nach Daten 2011-2012 des Statistischen Instituts von Katalonien (IDESCAT) gibt es 6,888 Minderj\u00e4hrige in institutionalisierten Zustand. Sie sind einige der Daten, die in den multidisziplin\u00e4ren Tag III haben &#8220;das kleinere institutionalisiert&#8221;, die die Gesellschaft Catalana Pediatric der Akademie der medizinischen Wissenschaften und die Gesundheit von Katalonien und den Balearen organisiert und wer hat dieses Problem aus medizinischen, psychologischen und rechtlichen Aspekte angesprochen. <\/p>\n<p>Soziologe Ram\u00f3n Quilis hat erkl\u00e4rt, dass &#8220;die kriminelle Pr\u00e4valenz, nach unserer Analyse 26 % ist. Trotz des Habens zu ber\u00fccksichtigen, die einmal beginnt die Arbeit mit dem Kind bereits wahrgenommen wird ist die Anwendung von Gewalt und Konflikt reaktive oder klinischen&#8221;. <\/p>\n<p>Dieses multidisziplin\u00e4re Konferenz hat bestand aus runden Tischen kleiner als Hochrisiko (moderiert von Dr. Antonio Natal, Kinderarzt des Referats f\u00fcr soziale P\u00e4diatrie von der deutschen Trias Krankenhaus ich Pujol, Badalona), problematische Kind institutionalisiert (mit der Moderation von der Kinderarzt Raquel Monn\u00e9) und einer kleinen Konferenz der strafrechtlichen Verantwortlichkeit. (Sanierung zu tun: eine Illusion?, verantwortlich f\u00fcr die Staatsanwaltschaft Carmen Portol\u00e9s). <\/p>\n<p>Der Pr\u00e4sident der katalanischen Gesellschaft f\u00fcr P\u00e4diatrie, Dr. Ferran A. Moraga-Llop, hat den Tag eingeweiht &#8220;danken allen Rednern, die k\u00fcmmern sich um Kinder aus verschiedenen Bereichen der Gesellschaft &#8221;. <\/p>\n<p>&#8220;<strong>Informationen zur  Akademie &#8221;:<\/strong> <\/p>\n<p>Die Akademie der medizinischen Wissenschaften und Gesundheit von Katalonien und den Balearen ist ein Unternehmen, gegr\u00fcndet 1872, mit amtlich anerkannten Rechtspers\u00f6nlichkeit und bildet einen Forum und Tagung Ort f\u00fcr Profis in der Gesundheit von Katalonien, die Balearen, Valencia und Andorra. Es ist eine Institution, die unabh\u00e4ngig von den Dienst des Landes und nicht um eine offizielle Stelle verkn\u00fcpfte. <\/p>\n<p>Dient der F\u00f6rderung der Studie und der Conreo Wissenschaften der Gesundheit in all seinen Aspekten: Mensch, technische, soziale und staatsb\u00fcrgerliche, beide in seine Obhut als Lehrer und Forschung Nebeneffekt. <\/p>\n<p>Es ist eine lebendige wissenschaftliche Gemeinschaft, die kollektive Anstrengung, die passt sich an den Bed\u00fcrfnissen und wissenschaftlichen Bedingungen zu der Zeit, in Zusammenarbeit mit anderen medizinischen, biologischen und pharmazeutischen, nationalen und ausl\u00e4ndischen Unternehmen mit ein st\u00e4ndiges Anliegen f\u00fcr den Fortschritt. <\/p>\n<p>Es ist die wichtigste medizinische Gesellschaft unseres Landes, durch die Anzahl der Partner, mehr als 24.000. Es besteht aus 80 wissenschaftlichen Gesellschaften, die Profis in den Gesundheitswissenschaften zusammenbringen. Im Schuljahr 2010-2011 das Volumen der wissenschaftlichen Aktivit\u00e4ten gemeinsam durchgef\u00fchrt wurde mehr als 1700 Handlungen und Fachleute, die besuchte 40.000 Menschen erreicht. <\/p>\n<p>Umgebung von vorhanden ist, und auch Balearen, Valencia und Andorra, mit seinen 22 Tochtergesellschaften und ihre Besonderheiten, die Dynamik der Zivilgesellschaft, Frucht k\u00f6nnen ber\u00fccksichtigt werden, dass es eine einzigartige Institution in der Welt ist. <\/p>\n<p>Die katalanische Gesellschaft f\u00fcr P\u00e4diatrie, gegr\u00fcndet 1926, vereint die meisten Kinder\u00e4rzte von Katalonien (mehr als 1.600). Es ist eine lebendige Wissenschaft, die kollektive Anstrengung, die als sein vorrangiges Ziel, die F\u00f6rderung des Wissens-Management-Aktivit\u00e4ten mit Schwerpunkt Lehre, Forschung und die Ausbildung der Kinder\u00e4rzte hat. Zur gleichen Zeit, k\u00fcmmern uns um aus- und Weiterbildung und sorgt f\u00fcr die Verbesserung der Bedingungen f\u00fcr die umfassende und soziale Gesundheit von Kindern und Jugendlichen <\/p>\n<p><\/font><\/p>\n","protected":false},"excerpt":{"rendered":"<p>80 % Der institutionalisierten Minderj\u00e4hrige erreichen Sanierung III interdisziplin\u00e4re Konferenz: das institutionalisierte Kind -Nach Daten 2011-2012 des Statistischen Instituts von Katalonien (IDESCAT) gibt es in institutionalisierten Zustand 6.888 Minderj\u00e4hrige. -Nach Angaben der Soziologe Ram\u00f3n Quilis kriminellen Pr\u00e4valenz ist etwa 26 % der F\u00e4lle. Barcelona, November 2012.- Derzeit k\u00f6nnen 80 % der institutionalisierten Minderj\u00e4hrige erreichen Rehabilitation. [&hellip;]<\/p>\n","protected":false},"author":1,"featured_media":0,"comment_status":"close","ping_status":"open","sticky":false,"template":"","format":"standard","meta":{"footnotes":""},"categories":[3],"tags":[37225,37226],"class_list":["post-26629","post","type-post","status-publish","format-standard","hentry","category-allgemeine","tag-kinshasa","tag-institutionalisierten","et-doesnt-have-format-content","et_post_format-et-post-format-standard"],"_links":{"self":[{"href":"https:\/\/www.best-dentist-dentistry.com\/de\/wp-json\/wp\/v2\/posts\/26629","targetHints":{"allow":["GET"]}}],"collection":[{"href":"https:\/\/www.best-dentist-dentistry.com\/de\/wp-json\/wp\/v2\/posts"}],"about":[{"href":"https:\/\/www.best-dentist-dentistry.com\/de\/wp-json\/wp\/v2\/types\/post"}],"author":[{"embeddable":true,"href":"https:\/\/www.best-dentist-dentistry.com\/de\/wp-json\/wp\/v2\/users\/1"}],"replies":[{"embeddable":true,"href":"https:\/\/www.best-dentist-dentistry.com\/de\/wp-json\/wp\/v2\/comments?post=26629"}],"version-history":[{"count":0,"href":"https:\/\/www.best-dentist-dentistry.com\/de\/wp-json\/wp\/v2\/posts\/26629\/revisions"}],"wp:attachment":[{"href":"https:\/\/www.best-dentist-dentistry.com\/de\/wp-json\/wp\/v2\/media?parent=26629"}],"wp:term":[{"taxonomy":"category","embeddable":true,"href":"https:\/\/www.best-dentist-dentistry.com\/de\/wp-json\/wp\/v2\/categories?post=26629"},{"taxonomy":"post_tag","embeddable":true,"href":"https:\/\/www.best-dentist-dentistry.com\/de\/wp-json\/wp\/v2\/tags?post=26629"}],"curies":[{"name":"wp","href":"https:\/\/api.w.org\/{rel}","templated":true}]}}