{"id":26708,"date":"2012-11-25T02:36:51","date_gmt":"2012-11-25T02:36:51","guid":{"rendered":null},"modified":"-0001-11-30T00:00:00","modified_gmt":"-0001-11-30T00:00:00","slug":"merkel-promotes-wind-farms-at-sea-due-to-the-energy-change","status":"publish","type":"post","link":"https:\/\/www.best-dentist-dentistry.com\/de\/merkel-promotes-wind-farms-at-sea-due-to-the-energy-change\/26708","title":{"rendered":"merkel promotes wind farms at sea due to the energy change"},"content":{"rendered":"<p>&#8220;<\/p>\n<p class=\"first\"> Berlin, 1. Mai (EFE).-der deutsche Bundeskanzler, Angela Merkel, f\u00f6rdert den Bau von Windparks auf hoher See und die Erweiterung des Vertriebsnetzes Strom in Deutschland im Rahmen ihrer Politik des Energie-\u00c4nderung nach der Entscheidung im vergangenen Jahr auf um Kernenergie bis zum Jahr 2022 zu verzichten.<\/p>\n<p>von seiner morgens Edition, die verk\u00fcndet, dass das zweite Gro\u00dfprojekt dieser Politik ist Vertriebsnetze&#8221; um Windenergie von Nord nach S\u00fcd &#8220;erweitern&#8221;Bereiten derzeit den rechtlichen Rahmen mit diesem Ziel,&#8221;sagt Merkel sprechen heute von der&#8221;Hamburger Abendblatt&#8221;Rotary erweiterte.<\/p>\n<p>Kanzler betont, die dies das zentrale Thema der Gespr\u00e4che, die an diesem Mittwoch in seinem B\u00fcro mit den zust\u00e4ndigen Ministern und die rangh\u00f6chsten Vertreter der deutschen elektrische Hauptgruppen halten werden.<\/p>\n<p>&#8220;Wir m\u00fcssen gemeinsam l\u00f6sen einige wichtigen Fragen nur \u00fcber Windparks auf hoher See&#8221;, sagte Merkel, die betont, dass&#8221;die kommenden Monate entscheidend f\u00fcr die Umsetzung der Energie \u00c4nderung werden&#8221;, die die erneuerbaren bef\u00fcrwortet.<\/p>\n<p>ihrerseits deutschen Ministeriums f\u00fcr Wirtschaft, die Liberalen Philipp R\u00f6sler, optimieren, planen die \u00c4nderung der Energie in Land und als&#8221;entscheidenden Firmen jetzt investieren&#8221;beschleunigen m\u00f6chten.<\/p>\n<p>&#8221; Warum schlage ich optimieren die Planung f\u00fcr den Ausbau der Stromnetze und den Bau neuer Kraftwerke, &#8220;Sagte R\u00f6sslers in Anweisungen durchgef\u00fchrt heute von der Zeitung&#8221; Die Welt verarbeiten &#8220;in seiner Ausgabe von morgen.<\/p>\n<p>deutsche Wirtschaft Minister k\u00fcndigt dem Ziel die Ausarbeitung f\u00fcr Ende des Jahres der Entwurf eines Gesetzes zu bestimmen, die muss der Netzausbau und Vereinfachung der rechtlichen Verfahren mit Zust\u00e4ndigkeit f\u00fcr das Bundesgericht Administrativo.<\/p>\n<p>auch betont, dass die Bundesregierung der Europ\u00e4ischen Kommission konsultiert zu sehen, bis zu diesem Punkt &#8220;Europ\u00e4ische Rechtsvorschriften, insbesondere im Umweltbereich kann angepasst werden, so dass die Entwicklung von Netzwerken schnell durchgef\u00fchrt wird&#8221;.<\/p>\n<p>inzwischen hat der F\u00fchrer der deutschen Social Democratic Party (SPD), Sigmar Gabriel, Widerstand beschuldigt Merkels Regierung Scheitern in einem Projekt \u00e4ndern Energie.<\/p>\n<p>&#8220;Oder in der Entwicklung von Netzwerken, noch bei der F\u00f6rderung erneuerbarer Energien, aber auch in Energieeffizienz oder der Sanierung von Geb\u00e4uden (um Energie zu sparen) haben fortgeschrittene einen Schritt im letzten Jahr&#8221;, sagt Gabriel entwickelten Anweisungen Gleiches gilt f\u00fcr &#8220;Die Welt&#8221;. EFE<\/p>\n","protected":false},"excerpt":{"rendered":"<p>&#8220; Berlin, 1. Mai (EFE).-der deutsche Bundeskanzler, Angela Merkel, f\u00f6rdert den Bau von Windparks auf hoher See und die Erweiterung des Vertriebsnetzes Strom in Deutschland im Rahmen ihrer Politik des Energie-\u00c4nderung nach der Entscheidung im vergangenen Jahr auf um Kernenergie bis zum Jahr 2022 zu verzichten. von seiner morgens Edition, die verk\u00fcndet, dass das zweite [&hellip;]<\/p>\n","protected":false},"author":1,"featured_media":0,"comment_status":"close","ping_status":"open","sticky":false,"template":"","format":"standard","meta":{"footnotes":""},"categories":[3],"tags":[],"class_list":["post-26708","post","type-post","status-publish","format-standard","hentry","category-allgemeine","et-doesnt-have-format-content","et_post_format-et-post-format-standard"],"_links":{"self":[{"href":"https:\/\/www.best-dentist-dentistry.com\/de\/wp-json\/wp\/v2\/posts\/26708","targetHints":{"allow":["GET"]}}],"collection":[{"href":"https:\/\/www.best-dentist-dentistry.com\/de\/wp-json\/wp\/v2\/posts"}],"about":[{"href":"https:\/\/www.best-dentist-dentistry.com\/de\/wp-json\/wp\/v2\/types\/post"}],"author":[{"embeddable":true,"href":"https:\/\/www.best-dentist-dentistry.com\/de\/wp-json\/wp\/v2\/users\/1"}],"replies":[{"embeddable":true,"href":"https:\/\/www.best-dentist-dentistry.com\/de\/wp-json\/wp\/v2\/comments?post=26708"}],"version-history":[{"count":0,"href":"https:\/\/www.best-dentist-dentistry.com\/de\/wp-json\/wp\/v2\/posts\/26708\/revisions"}],"wp:attachment":[{"href":"https:\/\/www.best-dentist-dentistry.com\/de\/wp-json\/wp\/v2\/media?parent=26708"}],"wp:term":[{"taxonomy":"category","embeddable":true,"href":"https:\/\/www.best-dentist-dentistry.com\/de\/wp-json\/wp\/v2\/categories?post=26708"},{"taxonomy":"post_tag","embeddable":true,"href":"https:\/\/www.best-dentist-dentistry.com\/de\/wp-json\/wp\/v2\/tags?post=26708"}],"curies":[{"name":"wp","href":"https:\/\/api.w.org\/{rel}","templated":true}]}}