{"id":26809,"date":"2012-11-25T03:24:28","date_gmt":"2012-11-25T03:24:28","guid":{"rendered":null},"modified":"-0001-11-30T00:00:00","modified_gmt":"-0001-11-30T00:00:00","slug":"the-ceo-of-pfizer-elvira-sanz-new-president-of-farmaindustria","status":"publish","type":"post","link":"https:\/\/www.best-dentist-dentistry.com\/de\/the-ceo-of-pfizer-elvira-sanz-new-president-of-farmaindustria\/26809","title":{"rendered":"Der CEO von Pfizer, Elvira Sanz, neuer Pr\u00e4sident des Farmaindustria"},"content":{"rendered":"<p class=\"first\"> MADRID, 23 (EUROPA PRESS)<\/p>\n<p>Generalversammlung des Farmaindustria trafen Dienstag in Madrid in einer Sondersitzung des Pr\u00e4sidenten zu ernennen und Chief Executive Officer von Pfizer in Spanien, Elvira Sanz, zum neuen Pr\u00e4sidenten des Arbeitgebers f\u00fcr die n\u00e4chsten zwei Jahre, Ersatz von Jordi Toucet.<\/p>\n<p>Sanz, erste Frau der Geschichte, die diese Einrichtung leitet, ist ein Arzt in der Apotheke und verf\u00fcgt \u00fcber umfangreiche Erfahrung in der pharmazeutischen Industrie seit fast 25 Jahren, da er inne hat, Positionen mit zunehmender Verantwortung im Abell\u00f3, MSD, Roche und Cyanamid. 2000 passiert, die allgemeine Richtung von Wyeth in Spanien und nach dem Erwerb von Pfizer, im Oktober 2009 zu besetzen, wurde zum Pr\u00e4sidenten und CEO des Unternehmens.<\/p>\n<p>die Ernennung gibt Effekt auf die Satzung des Farmaindustria, Festlegung, dass das Amt des Pr\u00e4sidenten bei den Unternehmen der Hauptstadt der nationalen Herkunft und ausl\u00e4ndischer Herkunft, dreht entsprechend den Vorsitz \u00fcber die n\u00e4chsten zwei Jahre mit einem Mitarbeiter eines multinationalen Unternehmens.<\/p>\n<p>im Zuge der au\u00dferordentlichen Generalversammlung hat jetzt schon konstituiert auch neues Board of Directors und der neuen Rat der Regierung im Verein.<\/p>\n<p>hinaus Sanz hat bekr\u00e4ftigt das Engagement der Branche mit der Nachhaltigkeit des \u00f6ffentlichen Gesundheitswesens, und ihre Bereitschaft zur St\u00e4rkung von Dialog und Zusammenarbeit gepflegt so weit mit den \u00f6ffentlichen Verwaltungen, die eine Haltung der konstruktiven und proaktive, unter allen gab, unsere Gesundheit zu erhalten und dazu beitragen, unser Land so bald wie m\u00f6glich die schweren entkommen liegt der Situation, in der. &#8220;Wir sind eine verantwortungsvolle und engagierte Industrie und als solche werden wir handeln&#8221;, sagte er. <\/p>\n","protected":false},"excerpt":{"rendered":"<p>MADRID, 23 (EUROPA PRESS) Generalversammlung des Farmaindustria trafen Dienstag in Madrid in einer Sondersitzung des Pr\u00e4sidenten zu ernennen und Chief Executive Officer von Pfizer in Spanien, Elvira Sanz, zum neuen Pr\u00e4sidenten des Arbeitgebers f\u00fcr die n\u00e4chsten zwei Jahre, Ersatz von Jordi Toucet. Sanz, erste Frau der Geschichte, die diese Einrichtung leitet, ist ein Arzt in [&hellip;]<\/p>\n","protected":false},"author":1,"featured_media":0,"comment_status":"close","ping_status":"open","sticky":false,"template":"","format":"standard","meta":{"footnotes":""},"categories":[3],"tags":[37389],"class_list":["post-26809","post","type-post","status-publish","format-standard","hentry","category-allgemeine","tag-elvira","et-doesnt-have-format-content","et_post_format-et-post-format-standard"],"_links":{"self":[{"href":"https:\/\/www.best-dentist-dentistry.com\/de\/wp-json\/wp\/v2\/posts\/26809","targetHints":{"allow":["GET"]}}],"collection":[{"href":"https:\/\/www.best-dentist-dentistry.com\/de\/wp-json\/wp\/v2\/posts"}],"about":[{"href":"https:\/\/www.best-dentist-dentistry.com\/de\/wp-json\/wp\/v2\/types\/post"}],"author":[{"embeddable":true,"href":"https:\/\/www.best-dentist-dentistry.com\/de\/wp-json\/wp\/v2\/users\/1"}],"replies":[{"embeddable":true,"href":"https:\/\/www.best-dentist-dentistry.com\/de\/wp-json\/wp\/v2\/comments?post=26809"}],"version-history":[{"count":0,"href":"https:\/\/www.best-dentist-dentistry.com\/de\/wp-json\/wp\/v2\/posts\/26809\/revisions"}],"wp:attachment":[{"href":"https:\/\/www.best-dentist-dentistry.com\/de\/wp-json\/wp\/v2\/media?parent=26809"}],"wp:term":[{"taxonomy":"category","embeddable":true,"href":"https:\/\/www.best-dentist-dentistry.com\/de\/wp-json\/wp\/v2\/categories?post=26809"},{"taxonomy":"post_tag","embeddable":true,"href":"https:\/\/www.best-dentist-dentistry.com\/de\/wp-json\/wp\/v2\/tags?post=26809"}],"curies":[{"name":"wp","href":"https:\/\/api.w.org\/{rel}","templated":true}]}}