{"id":26900,"date":"2012-11-26T02:32:17","date_gmt":"2012-11-26T02:32:17","guid":{"rendered":null},"modified":"-0001-11-30T00:00:00","modified_gmt":"-0001-11-30T00:00:00","slug":"bng-and-pp-star-in-a-hard-confrontation-in-the-galician-parliament","status":"publish","type":"post","link":"https:\/\/www.best-dentist-dentistry.com\/de\/bng-and-pp-star-in-a-hard-confrontation-in-the-galician-parliament\/26900","title":{"rendered":"bng and pp star in a hard confrontation in the galician parliament"},"content":{"rendered":"<p class=\"first\"> <span class=\"yshortcuts\" id=\"lw_1335300400_5\"> Santiago De Compostela<\/span>, 24 APR (EFE).-das Mitglied der <span class=\"yshortcuts\" id=\"lw_1335300400_1\"> BNG Carlos Aymerich<\/span> und Sprecher der Gruppe Menschen, <span class=\"yshortcuts\" id=\"lw_1335300400_0\"> Pedro Puy<\/span>, haben heute eine harte Konfrontation in <span class=\"yshortcuts\" id=\"lw_1335300400_3\"> Der galicischen Parlament<\/span> w\u00e4hrend der Debatte \u00fcber eine Initiative \u00fcber NCG Bank. inszeniert<\/p>\n<p><span class=\"yshortcuts\" id=\"lw_1335300400_6\"> Aymerich verteidigt<\/span> diesem sp\u00e4ten kein Vorschlag f\u00fcr einen Rechtsakt auf Aktionen, die von der Xunta de Galicia in Bezug auf die Situation der Novagalicia Bank, beantragt die FROB durchgef\u00fchrt werden sollte, die \u00dcbertragung der Beteiligung an der NCG verklagen und formulieren einen Plan zur Umwandlung in eine \u00f6ffentliche Einrichtung des Kredit-, unter anderen Ma\u00dfnahmen.<\/p>\n<p>in w\u00e4hrend der Aussprache der Sprecher der PP, Pedro Puy, beschuldigt Aymerich &#8220;Populismus&#8221; vorschlug, seiner Meinung nach, dass die FROB &#8220;Galicien gab sein Interesse an dieser Entit\u00e4t Bank.&#8221;<\/p>\n<p>Diese Aussagen irritiert das nationalistische Mitglied, der sagte, dass sowohl der PP und der Xunta, jedoch nicht, keine Bedenken &#8220;geben die amerikanischen Mittel, andere Ausl\u00e4nder oder spanische Freunde der private-Banking-Entit\u00e4t&#8221;.<\/p>\n<p>fortgesetzt &#8220;Populismus f\u00fcr PP ist wie Cholesterin, dort gute und schlechte,&#8221;.<\/p>\n<p>auch, beschrieb es als &#8220;Rechtsextremismus Fremdenfeindlichkeit&#8221; Aussagen von einigen F\u00fchrern der PP zu rechtfertigen, die die Ma\u00dfnahmen der Regierung auf die Gesundheit und machte Anspielung auf die unregelm\u00e4\u00dfig in Spanien Einwanderer Nutzen davon.<\/p>\n<p>&#8220;Alfonso Alonso sagte Spanien m\u00f6glicherweise kein&#8221; &#8220;Einrasten der Einwanderer, sondern den Galiciern migrieren und eine Berater der PP in Kastilien-la Mancha sagt, es gibt, wer kommt in Patera von profitiert&#8230; das ist das Schlimmste, die schlimmsten Fremdenfeindlichkeit Populismus, ist es Faschismus, ganz rechts&#8221;, sagte.<\/p>\n<p>diese Deklarationen verursachten einen Eklat in der Kammer, insbesondere in den B\u00e4nken der PP, die Verstand, dass Eymerich sie rief &#8220;Faschisten&#8221;.<\/p>\n<p>in der Mitte dieser Aufruhr, Eymerich weiter: &#8220;dies auch schon in den Reichstag, nicht der Bundestag. suchen geht diese Aussagen sind Faschisten, wieder, ich wiederhole es&#8221;.<\/p>\n<p>nach einer Intervention durch den Pr\u00e4sidenten des Parlaments, Pilar Rojo, die bedroht und telefonieren zu Pedro Puy, der Stellvertreter des der BNG vereinbart, das Wort &#8220;Faschismus&#8221;, zu entfernen, obwohl er hinzugef\u00fcgt: &#8220;Stop der extremen Rechten Fremdenfeindlichkeit&#8221;.<\/p>\n<p>sobald die Debatte \u00fcber die Initiative, die schlie\u00dflich abgelehnt wurde, der Sprecher der PP beantragte R\u00fcckzug der W\u00f6rter von der nationalistischen MP f\u00fcr Verst\u00e4ndnis, die faschistischen popul\u00e4re Gruppe, die der Pr\u00e4sident der regionalen Kammer aufgerufen hat, obwohl vereinbart Aymerich, wer nicht die Verschiebung Wort fragend aus Mikrofon, der ihn empfingen um seine Worte zu &#8220;kl\u00e4ren&#8221; l\u00e4\u00dft, da er nicht als &#8220;Faschist&#8221; die Gruppe PPdeG hatte.<\/p>\n","protected":false},"excerpt":{"rendered":"<p>Santiago De Compostela, 24 APR (EFE).-das Mitglied der BNG Carlos Aymerich und Sprecher der Gruppe Menschen, Pedro Puy, haben heute eine harte Konfrontation in Der galicischen Parlament w\u00e4hrend der Debatte \u00fcber eine Initiative \u00fcber NCG Bank. inszeniert Aymerich verteidigt diesem sp\u00e4ten kein Vorschlag f\u00fcr einen Rechtsakt auf Aktionen, die von der Xunta de Galicia in [&hellip;]<\/p>\n","protected":false},"author":1,"featured_media":0,"comment_status":"close","ping_status":"open","sticky":false,"template":"","format":"standard","meta":{"footnotes":""},"categories":[3],"tags":[],"class_list":["post-26900","post","type-post","status-publish","format-standard","hentry","category-allgemeine","et-doesnt-have-format-content","et_post_format-et-post-format-standard"],"_links":{"self":[{"href":"https:\/\/www.best-dentist-dentistry.com\/de\/wp-json\/wp\/v2\/posts\/26900","targetHints":{"allow":["GET"]}}],"collection":[{"href":"https:\/\/www.best-dentist-dentistry.com\/de\/wp-json\/wp\/v2\/posts"}],"about":[{"href":"https:\/\/www.best-dentist-dentistry.com\/de\/wp-json\/wp\/v2\/types\/post"}],"author":[{"embeddable":true,"href":"https:\/\/www.best-dentist-dentistry.com\/de\/wp-json\/wp\/v2\/users\/1"}],"replies":[{"embeddable":true,"href":"https:\/\/www.best-dentist-dentistry.com\/de\/wp-json\/wp\/v2\/comments?post=26900"}],"version-history":[{"count":0,"href":"https:\/\/www.best-dentist-dentistry.com\/de\/wp-json\/wp\/v2\/posts\/26900\/revisions"}],"wp:attachment":[{"href":"https:\/\/www.best-dentist-dentistry.com\/de\/wp-json\/wp\/v2\/media?parent=26900"}],"wp:term":[{"taxonomy":"category","embeddable":true,"href":"https:\/\/www.best-dentist-dentistry.com\/de\/wp-json\/wp\/v2\/categories?post=26900"},{"taxonomy":"post_tag","embeddable":true,"href":"https:\/\/www.best-dentist-dentistry.com\/de\/wp-json\/wp\/v2\/tags?post=26900"}],"curies":[{"name":"wp","href":"https:\/\/api.w.org\/{rel}","templated":true}]}}