{"id":26933,"date":"2012-11-26T02:38:22","date_gmt":"2012-11-26T02:38:22","guid":{"rendered":null},"modified":"-0001-11-30T00:00:00","modified_gmt":"-0001-11-30T00:00:00","slug":"they-increase-to-33-cases-of-influenza-a-in-el-salvador-without-fatalities","status":"publish","type":"post","link":"https:\/\/www.best-dentist-dentistry.com\/de\/they-increase-to-33-cases-of-influenza-a-in-el-salvador-without-fatalities\/26933","title":{"rendered":"they increase to 33 cases of influenza a in el salvador without fatalities"},"content":{"rendered":"<p class=\"first\"> <span class=\"yshortcuts\" id=\"lw_1336604896_1\"> San Salvador<\/span>, 9 kann (<span class=\"yshortcuts\" id=\"lw_1336604896_4\"> EFE<\/span>).-<span class=\"yshortcuts\" id=\"lw_1336604896_0\"> das Gesundheitsministerium von El Salvador<\/span> hat heute best\u00e4tigt, die in der letzten Woche mindestens 12 neue Influenza-A, F\u00e4lle mit, welche die Zahl auf 33 stieg Jahr bisher, opferlosen Sterblichen.<\/p>\n<p>&#8220;12 F\u00e4lle (von der <span class=\"yshortcuts\"id=\"lw_1336604896_6\"> Grippe<\/span> A) wurden in der letzten Woche best\u00e4tigt&#8221; und jetzt gibt es &#8220;33 F\u00e4lle von H1N1 auf nationaler Ebene&#8221;, sagte Medienchef <span class=\"yshortcuts\" id=\"lw_1336604896_3\"> Salvadorianischer Gesundheitsministerium der Gesundheits\u00fcberwachung<\/span>, Julio Armero.<\/p>\n<p>er erkl\u00e4rte, dass 12 Neuerkrankungen aufgetreten sind, vor allem bei Menschen, die au\u00dferhalb der &#8220;gef\u00e4hrdeten Bev\u00f6lkerung&#8221;, obwohl er anerkannt, dass unter den Kranken es a-Moll, zwei Senioren und eine schwangere gibt.<\/p>\n<p>festgestellt Que la gripe einen Est\u00e1 &#8220;Circulando&#8221; de el Pa\u00eds Desde 2009 y Que de 2010 y 2011 Hubo Una &#8220;Baja Circulaci\u00f3n&#8221; del Virus, &#8220;Pero a Nivel De La Regi\u00f3n (Centroamericana) Se Est\u00e1 Viendo Que el AH1N1 Este A\u00f1o va a Estar Circulando Con B\u00fcrgermeister Intensidad&#8221;.<\/p>\n<p>de Guatemala Esta Enfermedad ha Causado al Menos Cinco Muertos y M\u00e1s de 55 Enfermos.<\/p>\n<p>El Viernes Pasado Salvadore\u00f1o el Ministerio de Salud Lanz\u00f3 Una Campa\u00f1a de Vacunaci\u00f3n a Nivel Nacional Para Contrarrestar las gripes Com\u00fan y A, Debido a Que ya Se Acercan Los Meses Cuando, Entre Junio y Agosto M\u00e1s Circulan Los Virus Que las Causan.<\/p>\n<p>Durante la Campa\u00f1a de Vacunaci\u00f3n, Que Durar\u00e1 Todo Mayo, Se Inmunizar\u00e1 Tambi\u00e9n Contra el Sarampi\u00f3n y la Rub\u00e9ola.<\/p>\n<p>eine Nivel Nacional Se Aplicar\u00e1n M\u00e1s de 1,4 Millones de Dosis Para Ni\u00f1os y Adultos, con lo Que Se Espera Proteger eine \u00e4hnliche Cantidad de Personas, Principalmente a las M\u00e1s Vulnerables, Como Los Ni\u00f1os y Adultos Mayores.<\/p>\n<p>Armero Er sagte, dass die &#8220;Demonstrationen&#8221;, dass Menschen leiden Influenza-A-pr\u00e4sentieren &#8220;sind nicht ernst&#8221;, seit Immunit\u00e4t verleiht dem Impfstoff &#8220;reduziert die Komplikationen&#8221;, durch das, was die Bev\u00f6lkerung zu tragen, um eine Erholung der Krankheit zu verhindern eingeladen. EFE<\/p>\n","protected":false},"excerpt":{"rendered":"<p>San Salvador, 9 kann ( EFE).- das Gesundheitsministerium von El Salvador hat heute best\u00e4tigt, die in der letzten Woche mindestens 12 neue Influenza-A, F\u00e4lle mit, welche die Zahl auf 33 stieg Jahr bisher, opferlosen Sterblichen. &#8220;12 F\u00e4lle (von der Grippe A) wurden in der letzten Woche best\u00e4tigt&#8221; und jetzt gibt es &#8220;33 F\u00e4lle von H1N1 [&hellip;]<\/p>\n","protected":false},"author":1,"featured_media":0,"comment_status":"close","ping_status":"open","sticky":false,"template":"","format":"standard","meta":{"footnotes":""},"categories":[3],"tags":[],"class_list":["post-26933","post","type-post","status-publish","format-standard","hentry","category-allgemeine","et-doesnt-have-format-content","et_post_format-et-post-format-standard"],"_links":{"self":[{"href":"https:\/\/www.best-dentist-dentistry.com\/de\/wp-json\/wp\/v2\/posts\/26933","targetHints":{"allow":["GET"]}}],"collection":[{"href":"https:\/\/www.best-dentist-dentistry.com\/de\/wp-json\/wp\/v2\/posts"}],"about":[{"href":"https:\/\/www.best-dentist-dentistry.com\/de\/wp-json\/wp\/v2\/types\/post"}],"author":[{"embeddable":true,"href":"https:\/\/www.best-dentist-dentistry.com\/de\/wp-json\/wp\/v2\/users\/1"}],"replies":[{"embeddable":true,"href":"https:\/\/www.best-dentist-dentistry.com\/de\/wp-json\/wp\/v2\/comments?post=26933"}],"version-history":[{"count":0,"href":"https:\/\/www.best-dentist-dentistry.com\/de\/wp-json\/wp\/v2\/posts\/26933\/revisions"}],"wp:attachment":[{"href":"https:\/\/www.best-dentist-dentistry.com\/de\/wp-json\/wp\/v2\/media?parent=26933"}],"wp:term":[{"taxonomy":"category","embeddable":true,"href":"https:\/\/www.best-dentist-dentistry.com\/de\/wp-json\/wp\/v2\/categories?post=26933"},{"taxonomy":"post_tag","embeddable":true,"href":"https:\/\/www.best-dentist-dentistry.com\/de\/wp-json\/wp\/v2\/tags?post=26933"}],"curies":[{"name":"wp","href":"https:\/\/api.w.org\/{rel}","templated":true}]}}