{"id":2696,"date":"2011-12-02T10:01:43","date_gmt":"2011-12-02T10:01:43","guid":{"rendered":null},"modified":"-0001-11-30T00:00:00","modified_gmt":"-0001-11-30T00:00:00","slug":"the-government-required-formally-to-la-rioja-which-restore-health-care-to-alava","status":"publish","type":"post","link":"https:\/\/www.best-dentist-dentistry.com\/de\/the-government-required-formally-to-la-rioja-which-restore-health-care-to-alava\/2696","title":{"rendered":"Die Regierung ben\u00f6tigt, formell um La Rioja die Wiederherstellung Gesundheitsf\u00fcrsorge f\u00fcr Alava"},"content":{"rendered":"<p>MADRID, 2 (EUROPA PRESS)<\/p>\n<p>Das Ministerium f\u00fcr Gesundheit, Soziales und Chancengleichheit eine Anfrage an die Regierung von La Rioja, die die Anweisungen durch das Ministerium f\u00fcr Gesundheit und soziale Dienste von La Rioja nach innen \u00fcberschreiben wird gesendet von Logro\u00f1o, wo aufgerufen, um bietet spezialisierten, nicht dringende Gesundheit Pflege neue Patienten aus den Gemeinden in der Provinz Alavesa.<\/p>\n<p>&#8220;Wir verstehen, dass die Annahme dieser Ma\u00dfnahme von der Autonomen Gemeinschaft La Rioja ist das einseitige brechen die stillschweigende Pakt zwischen den beiden Gemeinschaften betroffen und daher einen Versto\u00df gegen den Grundsatz der institutionellen Loyalit\u00e4t die Regeln sollten alle Handlungen und Beziehungen zwischen \u00f6ffentlichen Verwaltungen,&#8221; erkl\u00e4rt Gesundheit.<\/p>\n<p>Darum gebeten, dass medizinische Versorgung verweigert f\u00fcr B\u00fcrger, &#8220;es impliziert den Zusammenbruch der das Recht auf Zugang zur gesundheitlichen Vorteile bez\u00fcglich der effektive Gleichstellung&#8221; wiederherstellen, die f\u00fcr alle B\u00fcrger gilt. Und denken Sie daran, dass der Staat ausschlie\u00dfliche Zust\u00e4ndigkeit auf die Grundlagen und die Gesamtkoordination der Gesundheit, wie in der spanischen Verfassung hervorgeht. <\/p>\n<p>Erkl\u00e4rt sich auch, in diese vorherige Anforderung hat ber\u00fccksichtigt wurden, die einigen benachbarten Populationen in der Provinz Alava, wie z. B. Laguardia, Labastida oder Oy\u00f3n, haben traditionell in Gesundheitseinrichtungen unterst\u00fctzt wurde ver\u00f6ffentlicht von Logro\u00f1o f\u00fcr die geographischen Schwierigkeiten f\u00fcr diese Bev\u00f6lkerung Zugang zu den Gesundheitszentren in Vitoria.<\/p>\n<p>Schlie\u00dflich, als Teil einer Vereinbarung zwischen \u00f6ffentlichen Verwaltungen, erkl\u00e4rt, dass La Rioja und dem Baskenland \u00c4nderungen des Abkommens oder seiner Beendigung, bitten k\u00f6nnen aber dies muss innerhalb einer bestimmten Frist, und im Falle von nicht Konsens, erinnert sie, da\u00df es Regeln und Grunds\u00e4tze, die Regeln ihrer Entwicklung.<\/p>\n<p>&#8220;Ersetzen den stillschweigenden Pakt zwischen den beiden Gemeinschaften durch einen ausdr\u00fccklichen Vertrag mit dem eventuelle Entsch\u00e4digung Teil des Baskenlandes erfordert eine Zeit der Studie,&#8221; erinnern an die Zeit, die warnt, dass &#8220;Zusammenarbeit und Koordinierung der \u00f6ffentlichen Gesundheit Verwaltungen ist unbedingt notwendig, die B\u00fcrger das Recht auf Schutz der Gesundheit, mit dem Ziel der Gew\u00e4hrleistung von Eigenkapital und Qualit\u00e4t des nationalen Gesundheitssystems gew\u00e4hrleisten&#8221;.<\/p>\n","protected":false},"excerpt":{"rendered":"<p>MADRID, 2 (EUROPA PRESS) Das Ministerium f\u00fcr Gesundheit, Soziales und Chancengleichheit eine Anfrage an die Regierung von La Rioja, die die Anweisungen durch das Ministerium f\u00fcr Gesundheit und soziale Dienste von La Rioja nach innen \u00fcberschreiben wird gesendet von Logro\u00f1o, wo aufgerufen, um bietet spezialisierten, nicht dringende Gesundheit Pflege neue Patienten aus den Gemeinden in [&hellip;]<\/p>\n","protected":false},"author":1,"featured_media":0,"comment_status":"close","ping_status":"open","sticky":false,"template":"","format":"standard","meta":{"footnotes":""},"categories":[3],"tags":[9572,9571],"class_list":["post-2696","post","type-post","status-publish","format-standard","hentry","category-allgemeine","tag-formell","tag-marke","et-doesnt-have-format-content","et_post_format-et-post-format-standard"],"_links":{"self":[{"href":"https:\/\/www.best-dentist-dentistry.com\/de\/wp-json\/wp\/v2\/posts\/2696","targetHints":{"allow":["GET"]}}],"collection":[{"href":"https:\/\/www.best-dentist-dentistry.com\/de\/wp-json\/wp\/v2\/posts"}],"about":[{"href":"https:\/\/www.best-dentist-dentistry.com\/de\/wp-json\/wp\/v2\/types\/post"}],"author":[{"embeddable":true,"href":"https:\/\/www.best-dentist-dentistry.com\/de\/wp-json\/wp\/v2\/users\/1"}],"replies":[{"embeddable":true,"href":"https:\/\/www.best-dentist-dentistry.com\/de\/wp-json\/wp\/v2\/comments?post=2696"}],"version-history":[{"count":0,"href":"https:\/\/www.best-dentist-dentistry.com\/de\/wp-json\/wp\/v2\/posts\/2696\/revisions"}],"wp:attachment":[{"href":"https:\/\/www.best-dentist-dentistry.com\/de\/wp-json\/wp\/v2\/media?parent=2696"}],"wp:term":[{"taxonomy":"category","embeddable":true,"href":"https:\/\/www.best-dentist-dentistry.com\/de\/wp-json\/wp\/v2\/categories?post=2696"},{"taxonomy":"post_tag","embeddable":true,"href":"https:\/\/www.best-dentist-dentistry.com\/de\/wp-json\/wp\/v2\/tags?post=2696"}],"curies":[{"name":"wp","href":"https:\/\/api.w.org\/{rel}","templated":true}]}}