{"id":26969,"date":"2012-11-26T02:43:08","date_gmt":"2012-11-26T02:43:08","guid":{"rendered":null},"modified":"-0001-11-30T00:00:00","modified_gmt":"-0001-11-30T00:00:00","slug":"the-bolivian-doctors-evaluated-the-pre-agreement-to-decide-if-they-suspended-their-strike","status":"publish","type":"post","link":"https:\/\/www.best-dentist-dentistry.com\/de\/the-bolivian-doctors-evaluated-the-pre-agreement-to-decide-if-they-suspended-their-strike\/26969","title":{"rendered":"Die bolivianischen \u00c4rzte bewertet die Vorabkommens zu entscheiden, ob sie ihren Streik ausgesetzt"},"content":{"rendered":"<p class=\"first\"> La Paz, 18 kann (EFE).-die \u00c4rzte von Bolivien weiter heute bei der Bewertung des Vorabkommens erreicht die Nacht fiel mit der Regierung von Pr\u00e4sident Evo Morales zu entscheiden, wenn sie ihrer allgemeinen endlich aufgehoben, Streik, dass heute traf 52 Tagen, gegen ein Dekret, das erh\u00f6ht die von sechs bis acht Stunden Arbeit t\u00e4glich Stunden.<\/p>\n<p>Vorsitzender der medizinischen Schule von Bolivien, Alfonso Nachbarschaften, informiert die Medien, die f\u00fcnf der neun Landesverb\u00e4nde Stimme Finale mit der Regierung Pakt wird unterzeichnet, aber die anderen ablehnen oder noch analysieren zur\u00fcck.<\/p>\n<p>zwei Verb\u00e4nde im Gegensatz zur Unterzeichnung eines Abkommens sind die von La Paz und Santa Cruz, der gr\u00f6\u00dfte in Bolivien, weil sie erfordern Morales zur Aufhebung des Dekrets, die Gesch\u00e4ftszeiten, Tatsache erh\u00f6ht wird, die den allgemeinen Ende M\u00e4rz gez\u00fcndet Streik.<\/p>\n<p> &lt; p&gt; Stattdessen laut Barrios, Tochtergesellschaften von Cochabamba, Potos\u00ed, Beni, Chuquisaca und Pando vereinbart, ein Abkommen zu unterzeichnen, in dem die Regierung die vor\u00fcbergehende Aussetzung der Anwendung der Verordnung ratifiziert, und die \u00c4rzte verk\u00fcnden, dass sie nationale und internationale Rechtsberatung \u00fcber die Rechtm\u00e4\u00dfigkeit der Gesetzgebung machen.<\/p>\n<p>den Agenturen werden konsultiert wird der Interamerikanischen Kommission f\u00fcr Menschenrechte von der Organisation amerikanischer Staaten (OAS), laut den Verb\u00e4nden der \u00c4rzte.<\/p>\n<p>\u00c4rzte im Allgemeinen, Besch\u00e4ftigte in Krankenh\u00e4usern und die Fakult\u00e4ten der Medizin abgelehnt frontal Dekret, da ihrer Auffassung nach eine soziale Eroberung 1970 verletzt.<\/p>\n<p>das vorl\u00e4ufige \u00dcbereinkommen legt au\u00dferdem, dass die Regierung die Strafen und Abz\u00fcge durch den Streik, ung\u00fcltig macht im Tausch gegen die \u00c4rzte ersetzt in Urlaubstage nicht gearbeitet.<\/p>\n<p>Nachbarschaften Er bemerkte, dass sie immer noch, die in den n\u00e4chsten Stunden die Regionaltagungen geschlossen warten, aber erwartet, dass es halten wird durch, was die Mehrheit entscheiden, weil der Konflikt 52 Tage mit viel Opfer seitens der Bev\u00f6lkerung, die Dienstleistungen in Krankenh\u00e4usern in einem Zustand und Sicherheit soziale. verwendet wurde<\/p>\n<p>Demonstranten protestieren am 17. Mai vor den Toren des Krankenhauses Klinik in La Paz (Bolivien), w\u00e4hrend der bolivianischen Demonstranten, die unterst\u00fctzen den Streik der \u00c4rzte, die 51 Tage gedreht, in der Region von Cochabamba unterdr\u00fcckt wurden. EFE<\/p>\n","protected":false},"excerpt":{"rendered":"<p>La Paz, 18 kann (EFE).-die \u00c4rzte von Bolivien weiter heute bei der Bewertung des Vorabkommens erreicht die Nacht fiel mit der Regierung von Pr\u00e4sident Evo Morales zu entscheiden, wenn sie ihrer allgemeinen endlich aufgehoben, Streik, dass heute traf 52 Tagen, gegen ein Dekret, das erh\u00f6ht die von sechs bis acht Stunden Arbeit t\u00e4glich Stunden. Vorsitzender [&hellip;]<\/p>\n","protected":false},"author":1,"featured_media":0,"comment_status":"close","ping_status":"open","sticky":false,"template":"","format":"standard","meta":{"footnotes":""},"categories":[3],"tags":[37564],"class_list":["post-26969","post","type-post","status-publish","format-standard","hentry","category-allgemeine","tag-heim-tests","et-doesnt-have-format-content","et_post_format-et-post-format-standard"],"_links":{"self":[{"href":"https:\/\/www.best-dentist-dentistry.com\/de\/wp-json\/wp\/v2\/posts\/26969","targetHints":{"allow":["GET"]}}],"collection":[{"href":"https:\/\/www.best-dentist-dentistry.com\/de\/wp-json\/wp\/v2\/posts"}],"about":[{"href":"https:\/\/www.best-dentist-dentistry.com\/de\/wp-json\/wp\/v2\/types\/post"}],"author":[{"embeddable":true,"href":"https:\/\/www.best-dentist-dentistry.com\/de\/wp-json\/wp\/v2\/users\/1"}],"replies":[{"embeddable":true,"href":"https:\/\/www.best-dentist-dentistry.com\/de\/wp-json\/wp\/v2\/comments?post=26969"}],"version-history":[{"count":0,"href":"https:\/\/www.best-dentist-dentistry.com\/de\/wp-json\/wp\/v2\/posts\/26969\/revisions"}],"wp:attachment":[{"href":"https:\/\/www.best-dentist-dentistry.com\/de\/wp-json\/wp\/v2\/media?parent=26969"}],"wp:term":[{"taxonomy":"category","embeddable":true,"href":"https:\/\/www.best-dentist-dentistry.com\/de\/wp-json\/wp\/v2\/categories?post=26969"},{"taxonomy":"post_tag","embeddable":true,"href":"https:\/\/www.best-dentist-dentistry.com\/de\/wp-json\/wp\/v2\/tags?post=26969"}],"curies":[{"name":"wp","href":"https:\/\/api.w.org\/{rel}","templated":true}]}}