{"id":2697,"date":"2011-12-02T10:01:49","date_gmt":"2011-12-02T10:01:49","guid":{"rendered":null},"modified":"-0001-11-30T00:00:00","modified_gmt":"-0001-11-30T00:00:00","slug":"la-rioja-and-the-basque-country-will-continue-to-negotiate-health-care-alava-patients","status":"publish","type":"post","link":"https:\/\/www.best-dentist-dentistry.com\/de\/la-rioja-and-the-basque-country-will-continue-to-negotiate-health-care-alava-patients\/2697","title":{"rendered":"La Rioja und dem Baskenland weiterhin Gesundheitsversorgung Alava Patienten zu verhandeln"},"content":{"rendered":"<p>LOGRO\u00d1O, 02 (EUROPA PRESS)<\/p>\n<p>Die Regierung von La Rioja und dem Baskenland Regierung weiterhin Verhandlungen Gesundheitsversorgung Patienten Alava um eine vorl\u00e4ufige Einigung, berichtet von der La Rioja Executive in einer Anweisung.<\/p>\n<p>In der Tat, der Minister f\u00fcr Gesundheit und soziale Dienste Rioja, Jos\u00e9 Ignacio Nieto, hat heute morgen erhielt einen Anruf von seinem Baskisch, Gegenst\u00fcck Rafael Bengoa, wer den Wunsch \u00e4u\u00dferte, weiter zu arbeiten, um eine Einigung, durch was erwartet wird weiterhin ein weiteres Treffen n\u00e4chsten Montag.<\/p>\n","protected":false},"excerpt":{"rendered":"<p>LOGRO\u00d1O, 02 (EUROPA PRESS) Die Regierung von La Rioja und dem Baskenland Regierung weiterhin Verhandlungen Gesundheitsversorgung Patienten Alava um eine vorl\u00e4ufige Einigung, berichtet von der La Rioja Executive in einer Anweisung. In der Tat, der Minister f\u00fcr Gesundheit und soziale Dienste Rioja, Jos\u00e9 Ignacio Nieto, hat heute morgen erhielt einen Anruf von seinem Baskisch, Gegenst\u00fcck [&hellip;]<\/p>\n","protected":false},"author":1,"featured_media":0,"comment_status":"close","ping_status":"open","sticky":false,"template":"","format":"standard","meta":{"footnotes":""},"categories":[3],"tags":[9572,9573],"class_list":["post-2697","post","type-post","status-publish","format-standard","hentry","category-allgemeine","tag-formell","tag-verhandeln","et-doesnt-have-format-content","et_post_format-et-post-format-standard"],"_links":{"self":[{"href":"https:\/\/www.best-dentist-dentistry.com\/de\/wp-json\/wp\/v2\/posts\/2697","targetHints":{"allow":["GET"]}}],"collection":[{"href":"https:\/\/www.best-dentist-dentistry.com\/de\/wp-json\/wp\/v2\/posts"}],"about":[{"href":"https:\/\/www.best-dentist-dentistry.com\/de\/wp-json\/wp\/v2\/types\/post"}],"author":[{"embeddable":true,"href":"https:\/\/www.best-dentist-dentistry.com\/de\/wp-json\/wp\/v2\/users\/1"}],"replies":[{"embeddable":true,"href":"https:\/\/www.best-dentist-dentistry.com\/de\/wp-json\/wp\/v2\/comments?post=2697"}],"version-history":[{"count":0,"href":"https:\/\/www.best-dentist-dentistry.com\/de\/wp-json\/wp\/v2\/posts\/2697\/revisions"}],"wp:attachment":[{"href":"https:\/\/www.best-dentist-dentistry.com\/de\/wp-json\/wp\/v2\/media?parent=2697"}],"wp:term":[{"taxonomy":"category","embeddable":true,"href":"https:\/\/www.best-dentist-dentistry.com\/de\/wp-json\/wp\/v2\/categories?post=2697"},{"taxonomy":"post_tag","embeddable":true,"href":"https:\/\/www.best-dentist-dentistry.com\/de\/wp-json\/wp\/v2\/tags?post=2697"}],"curies":[{"name":"wp","href":"https:\/\/api.w.org\/{rel}","templated":true}]}}