{"id":27005,"date":"2012-11-26T02:50:43","date_gmt":"2012-11-26T02:50:43","guid":{"rendered":null},"modified":"-0001-11-30T00:00:00","modified_gmt":"-0001-11-30T00:00:00","slug":"the-president-of-the-acn-governments-requested-greater-involvement-in-mental-health","status":"publish","type":"post","link":"https:\/\/www.best-dentist-dentistry.com\/de\/the-president-of-the-acn-governments-requested-greater-involvement-in-mental-health\/27005","title":{"rendered":"Der Pr\u00e4sident der ACN Regierungen verlangt st\u00e4rkere Einbeziehung in die psychische Gesundheit"},"content":{"rendered":"<p class=\"first\"> SANTA CRUZ DE TENERIFE, 8 (EUROPA PRESS)<\/p>\n<p>des Pr\u00e4sidenten der Asociaci\u00f3n Canaria der Neuropsychiatrie (ACN), Francisco Rodr\u00edguez poliert, Freitag hat unterstrichen, dass Regierungen st\u00e4rkere Einbeziehung in die psychische Gesundheit zu haben, weil die Schnitte und Privatisierung &#8220;nicht ber\u00fccksichtigt die Bed\u00fcrfnisse der Bev\u00f6lkerung&#8221; und &#8220;Solidarit\u00e4tsprinzip&#8221;.<\/p>\n<p>so die Erkl\u00e4rung von Tenerife. ausgestellt hat es im XXV Kongress der psychischen Gesundheit von der nationalen Agentur der Neuropsychiatrie (AEN), die findet in Adeje (Teneriffa), und wo wird morgen in formalen Mental Health Forum geboren und werden ver\u00f6ffentlicht<\/p>\n<p>Francisco Rodriguez Pulido hat erkl\u00e4rt, dass diese Initiativen wollen &#8220;ein davor und ein sp\u00e4ter&#8221; werden innerhalb und die psychische Gesundheit in Spanien und eine Anleitung zur Verteidigung eines Modells der psychischen Gesundheit &#8220;mehr Solidarit\u00e4t und in den Dienst der Gesellschaft als Ganzes&#8221;.<\/p>\n<p> &lt; p&gt; So entsteht das Mental Health Forum als Plattform und einen gemeinsamen Raum gebildet, die von verschiedenen Organisationen und Fachleute in mental Health, Patienten und Familien, Verb\u00e4nde, Hochschulen, unter anderen Gruppen. Ziel ist zu teilen, reflektieren und dr\u00fccken die Besorgnis, die \u00fcber die aktuelle Situation der psychischen Gesundheit in Spanien.<\/p>\n<p>in diesem Zusammenhang die Verfassung des Programms Forum sagt, dass &#8220;K\u00fcrzungen und Privatisierungen ein Modell basierend nur auf Dienstleistungen f\u00fcr Krankheit vertreten, im Voraus im Angebot Assistential und ohne Ber\u00fccksichtigung der Bed\u00fcrfnisse der Bev\u00f6lkerung, je nachdem, wer verwaltet und wo Wettbewerb ersetzt die Zusammenarbeit und der Markt f\u00fcr die Menschen das Thema mit Geschichte, Werte und Rechte. erh\u00e4lt Man Ware Fassung beschlossen&#8221;.<\/p>\n<p>f\u00fcr Rodriguez, gl\u00e4nzend, &#8220;steht auf dem Spiel steht des Modells der Gesellschaft, in der wir leben wollen&#8221;, das hei\u00dft, warum dieses Forum f\u00fcr Wetten &#8220;eine gerechtere Gesellschaft, wo herrschen die Werte der Solidarit\u00e4t, Kooperation, Engagement, Partizipation, die es erm\u00f6glichen, die Rechte der gesamten Bev\u00f6lkerung zu befriedigen&#8221;.<\/p>\n<p>Teneriffa-Anweisung<\/p>\n<p>abgeleitet aus der Verfassung vom Forum Mental Health, XXV Kongress der NEA ausgestellt hat die Erkl\u00e4rung von Teneriffa, ein Grundsatzprogramm von zehn Punkte, die ein Modell der psychischen Gesundheit Community Highlights, artikuliert und partizipative, fordert die Unterst\u00fctzung der Verwaltungen zur Verbesserung der Lebensqualit\u00e4t von Patienten und ihren Familien.<\/p>\n<p>diese Aussage basiert ebenfalls auf einem \u00f6ffentlichen Modell der Gesundheit, die f\u00fcr alle ohne Ausgrenzung und nicht-vergleichende zwischen Personen und Gemeinschaften aus unerlaubter Handlung Quelle besuchen Autonome und Wette der Volksgesundheit-Gemeinschaft und die Beteiligung von Fachleuten, Patienten und Familien in echte und effektive Art und Weise, wie auch die F\u00f6rderung der Pr\u00e4vention und Forschung.<\/p>\n<p>so die zehnte und letzte Punkt der Erkl\u00e4rung von Teneriffa hat, dass &rsquo;unseren Willen zur Zusammenarbeit als soziale Organisationen und B\u00fcrger Ziele verfolgt, Regierungen zu verklagen und verantwortlich f\u00fcr die Umsetzung der Ma\u00dfnahmen erforderlich, um bessere Leistungen in der psychischen Gesundheit, \u00f6ffentliche Bildung erhalten und f\u00f6rdern den Kampf gegen Stigmatisierung und Diskriminierung&rsquo;.<\/p>\n","protected":false},"excerpt":{"rendered":"<p>SANTA CRUZ DE TENERIFE, 8 (EUROPA PRESS) des Pr\u00e4sidenten der Asociaci\u00f3n Canaria der Neuropsychiatrie (ACN), Francisco Rodr\u00edguez poliert, Freitag hat unterstrichen, dass Regierungen st\u00e4rkere Einbeziehung in die psychische Gesundheit zu haben, weil die Schnitte und Privatisierung &#8220;nicht ber\u00fccksichtigt die Bed\u00fcrfnisse der Bev\u00f6lkerung&#8221; und &#8220;Solidarit\u00e4tsprinzip&#8221;. so die Erkl\u00e4rung von Tenerife. ausgestellt hat es im XXV Kongress [&hellip;]<\/p>\n","protected":false},"author":1,"featured_media":0,"comment_status":"close","ping_status":"open","sticky":false,"template":"","format":"standard","meta":{"footnotes":""},"categories":[3],"tags":[],"class_list":["post-27005","post","type-post","status-publish","format-standard","hentry","category-allgemeine","et-doesnt-have-format-content","et_post_format-et-post-format-standard"],"_links":{"self":[{"href":"https:\/\/www.best-dentist-dentistry.com\/de\/wp-json\/wp\/v2\/posts\/27005","targetHints":{"allow":["GET"]}}],"collection":[{"href":"https:\/\/www.best-dentist-dentistry.com\/de\/wp-json\/wp\/v2\/posts"}],"about":[{"href":"https:\/\/www.best-dentist-dentistry.com\/de\/wp-json\/wp\/v2\/types\/post"}],"author":[{"embeddable":true,"href":"https:\/\/www.best-dentist-dentistry.com\/de\/wp-json\/wp\/v2\/users\/1"}],"replies":[{"embeddable":true,"href":"https:\/\/www.best-dentist-dentistry.com\/de\/wp-json\/wp\/v2\/comments?post=27005"}],"version-history":[{"count":0,"href":"https:\/\/www.best-dentist-dentistry.com\/de\/wp-json\/wp\/v2\/posts\/27005\/revisions"}],"wp:attachment":[{"href":"https:\/\/www.best-dentist-dentistry.com\/de\/wp-json\/wp\/v2\/media?parent=27005"}],"wp:term":[{"taxonomy":"category","embeddable":true,"href":"https:\/\/www.best-dentist-dentistry.com\/de\/wp-json\/wp\/v2\/categories?post=27005"},{"taxonomy":"post_tag","embeddable":true,"href":"https:\/\/www.best-dentist-dentistry.com\/de\/wp-json\/wp\/v2\/tags?post=27005"}],"curies":[{"name":"wp","href":"https:\/\/api.w.org\/{rel}","templated":true}]}}