{"id":27121,"date":"2012-11-27T02:41:26","date_gmt":"2012-11-27T02:41:26","guid":{"rendered":null},"modified":"-0001-11-30T00:00:00","modified_gmt":"-0001-11-30T00:00:00","slug":"jimenez-says-that-the-psoe-will-be-used-against-the-decree-of-the-cut-in-health","status":"publish","type":"post","link":"https:\/\/www.best-dentist-dentistry.com\/de\/jimenez-says-that-the-psoe-will-be-used-against-the-decree-of-the-cut-in-health\/27121","title":{"rendered":"Jimenez sagt, dass die PSOE, gegen das Dekret des Schnittes in Gesundheit verwendet werden"},"content":{"rendered":"<p class=\"first\"> Ourense, 25. Mai (EFE).-der Sekret\u00e4r der PSOE, Trinidad Jim\u00e9nez, Sozialpolitik, sagte heute, dass seine Partei Rechtsmittel der Verfassungswidrigkeit gegen das K\u00f6nigliche Dekret genehmigt letzte Woche durch das Abgeordnetenhaus vorlegen werde, denn es verst\u00f6\u00dft Grundrechte gegen und schlie\u00dft die B\u00fcrger aus dem nationalen System der Gesundheit.<\/p>\n<p>Jimenez hat diese Aussagen in Ourense und stellte fest, dass die Ressource von ihrer Ausbildung, wenn Gemeinden es autonome \u00fcbermitteln vorgelegt werden.<\/p>\n<p>der Vertreter der PSOE und der Exministra der Gesundheit nahm an einem Treffen mit Agenten und organischen Ourensana Volksgesundheit Sozialabgaben, die der Generalsekret\u00e4r der sozialistischen Pachi V\u00e1zquez. vorgestellt wurde<\/p>\n<p>&#8220;warten, Verfahren einzureichen f\u00fcr Verfassungswidrigkeit, Andalusien und die baskischen Land. Sobald dieser Gemeinschaften sie die Sozialdemokratische Fraktion auch pr\u00e4sentieren vorstellen&#8221;, sagte.<\/p>\n<p>die PSOE Prev\u00e9 Lo Presentar Mociones, Interpelaciones y Proposiciones Nein de Ley de el Congreso Con el Objetivo de Que el real Decreto &#8220;kein Se Aplique&#8221;, y As\u00ed Evitar Que &#8220;Produzca Efectos Negativos&#8221; Sobre la Poblaci\u00f3n, de bestimmten Entre Grupos Que &#8220;Quedan Excluidos&#8221;.<\/p>\n<p>Precis\u00f3 Que Entre Esos Grupos Vulnerables Figuran &#8220;J\u00f3venes Mayores de 27 A\u00f1os Que no Han Cotizado Nunca, Mujeres Divorciadas Que no Hayan Cotizado Nunca, Discapacitados, o Inmigrantes de Situaci\u00f3n unregelm\u00e4\u00dfig&#8221;.<\/p>\n<p>&#8220;Kein Vamos a Permitir Que Con la Excusa De La Krise Se Desmantele un Sistema de Salud&#8221;, Sostenible&#8221;Que lo de Ser&#8221; es &#8220;Uno de Los Mejores del Mundo&#8221;, Jim\u00e9nez, Quien Advirti\u00f3 de Que Indic\u00f3 &#8220;hay L\u00edneas Rojas Que kein Se Pueden Cruzar&#8221;.<\/p>\n<p>As\u00ed, Se\u00f1al\u00f3 Que Se Trata de un Modelo de Salud &#8220;universal y Gratuito&#8221; Que Presta Asistencia a Todos Los Que Viven de Este Pa\u00eds, Seguro de &#8220;Sostenible&#8221;, Espa\u00f1a y Tiene &#8220;la Fortaleza Suficiente Para Dedicar el 6,5 % del PIB&#8221;, Subray\u00f3.<\/p>\n<p>Puso doubt there is any need to change it e insisted that the model adopted the Royal Decree is &#8220;unfair and inefficient&#8221;, added.<\/p>\n<p>Secretary of social policies of the PSOE also placed the President of the Xunta, Alberto N\u00fa\u00f1ez Feijoo, and leader of the PPdeG in Galicia &#8211; once this number not being to establish the health care co-payment &#8211; to thing reject.<\/p>\n<p>&#8220;Is very easy to say that it will not apply,&#8221; when &#8220;he has not rejected it&#8221;, said.<\/p>\n<p>, V\u00e1zquez said that &#8220;few times a so unfair situation be lived&#8221; as the current, with a right that &#8220;wants to carry forward the public health&#8221; and the education.<\/p>\n<p>in this regard, urged the President of the Xunta de Galicia to &#8220;not betray Galicia&#8221; and also submit an appeal of unconstitutionality against the Decree, following the example of other autonomous communities.<\/p>\n<p> &lt; p&gt; &#8220;Es ist jetzt Zeit zu verteidigen, Galicien und verteidigen diese Rentner Leben und das Limit f\u00fcr die jetzt haben f\u00fcr Medikamente bezahlen,&#8221; betonte er, nach diesem Dekret die betrachtet, die &#8220;verletzt nicht nur die Health Act, sondern die Rechte&#8221; der Gallegos.<\/p>\n<p>der Vertreter der PSOE, auf Fragen von Journalisten \u00fcber die M\u00f6glichkeit erreichen einen Pakt mit der PP in Gesundheit, sagte dar\u00fcber hinaus, die jetzt es &#8220;schwierig ist, eine Einigung zu erzielen&#8221;, da der Minister &#8220;nie uns berufen hat&#8221;, dieses Dekret, zu diskutieren, die in das Ende &#8220;hat die&#8221;, er sagte.<\/p>\n","protected":false},"excerpt":{"rendered":"<p>Ourense, 25. Mai (EFE).-der Sekret\u00e4r der PSOE, Trinidad Jim\u00e9nez, Sozialpolitik, sagte heute, dass seine Partei Rechtsmittel der Verfassungswidrigkeit gegen das K\u00f6nigliche Dekret genehmigt letzte Woche durch das Abgeordnetenhaus vorlegen werde, denn es verst\u00f6\u00dft Grundrechte gegen und schlie\u00dft die B\u00fcrger aus dem nationalen System der Gesundheit. Jimenez hat diese Aussagen in Ourense und stellte fest, dass [&hellip;]<\/p>\n","protected":false},"author":1,"featured_media":0,"comment_status":"close","ping_status":"open","sticky":false,"template":"","format":"standard","meta":{"footnotes":""},"categories":[3],"tags":[37694],"class_list":["post-27121","post","type-post","status-publish","format-standard","hentry","category-allgemeine","tag-protestieren","et-doesnt-have-format-content","et_post_format-et-post-format-standard"],"_links":{"self":[{"href":"https:\/\/www.best-dentist-dentistry.com\/de\/wp-json\/wp\/v2\/posts\/27121","targetHints":{"allow":["GET"]}}],"collection":[{"href":"https:\/\/www.best-dentist-dentistry.com\/de\/wp-json\/wp\/v2\/posts"}],"about":[{"href":"https:\/\/www.best-dentist-dentistry.com\/de\/wp-json\/wp\/v2\/types\/post"}],"author":[{"embeddable":true,"href":"https:\/\/www.best-dentist-dentistry.com\/de\/wp-json\/wp\/v2\/users\/1"}],"replies":[{"embeddable":true,"href":"https:\/\/www.best-dentist-dentistry.com\/de\/wp-json\/wp\/v2\/comments?post=27121"}],"version-history":[{"count":0,"href":"https:\/\/www.best-dentist-dentistry.com\/de\/wp-json\/wp\/v2\/posts\/27121\/revisions"}],"wp:attachment":[{"href":"https:\/\/www.best-dentist-dentistry.com\/de\/wp-json\/wp\/v2\/media?parent=27121"}],"wp:term":[{"taxonomy":"category","embeddable":true,"href":"https:\/\/www.best-dentist-dentistry.com\/de\/wp-json\/wp\/v2\/categories?post=27121"},{"taxonomy":"post_tag","embeddable":true,"href":"https:\/\/www.best-dentist-dentistry.com\/de\/wp-json\/wp\/v2\/tags?post=27121"}],"curies":[{"name":"wp","href":"https:\/\/api.w.org\/{rel}","templated":true}]}}