{"id":27226,"date":"2012-11-27T03:33:23","date_gmt":"2012-11-27T03:33:23","guid":{"rendered":null},"modified":"-0001-11-30T00:00:00","modified_gmt":"-0001-11-30T00:00:00","slug":"ana-mato-said-that-the-statute-of-the-higher-guides-to-prevent-situations-of-dependency","status":"publish","type":"post","link":"https:\/\/www.best-dentist-dentistry.com\/de\/ana-mato-said-that-the-statute-of-the-higher-guides-to-prevent-situations-of-dependency\/27226","title":{"rendered":"Ana Mato gesagt: je h\u00f6her die Satzung f\u00fchrt zum Pflegefall zu verhindern"},"content":{"rendered":"<p class=\"first\"> Zaragoza, 21 nov (EFE).-der Minister f\u00fcr Gesundheit, Soziales und Familie, Ana Mato, legte heute in Zaragoza Entwurf des Statuts des gr\u00f6\u00dfer, ein Leitfaden f\u00fcr die Erarbeitung der \u00f6ffentlichen Politik &#8220;zur gesunden Altern zu f\u00f6rdern und Pflegefall zu verhindern&#8221;.<\/p>\n<p>die Satzung, die dem Minister zufolge das pers\u00f6nliches Engagement des Pr\u00e4sidenten der Regierung, Mariano Rajoy gibt, umfasst zehn Aktionsbereiche &#8220;wo ist es m\u00f6glich, zu verbessern&#8221;, f\u00fcgte Mato w\u00e4hrend seiner Rede bei der Schlussfeier f\u00fcr das Europ\u00e4ische Jahr f\u00fcr aktives Altern und generationen\u00fcbergreifenden Solidarit\u00e4t.<\/p>\n<p>, die \u00fcber die Zeremonie zusammen mit der Spitze der Regierung von Aragon, Luisa Fernanda Rudi, den Vorsitz hat der Minister hat auch angek\u00fcndigt, die Erstellung, zum ersten Mal in Spanien, einer Raum-Sociosanitario.<\/p>\n<p> &lt; p&gt; &#8220;\u00c4ltere Menschen bilden einen sehr wichtigen Sektor der Gesellschaft&#8221; und &#8220;als Regierung wir den Grundstein und die Kan\u00e4le zu artikulieren, damit B\u00fcrger, unabh\u00e4ngig von Alter, in allen Bereichen, die teilnehmen k\u00f6nnen, sie betreffen&#8221; wurde hinzugef\u00fcgt.<\/p>\n<p>in diesem Sinne Mato pr\u00e4sentierte den ersten Entwurf der Satzung des h\u00f6heren, unter seinen zehn Priorit\u00e4ten der Ma\u00dfnahme, eine Gesundheitsversorgung zunehmend bessere und h\u00f6here Qualit\u00e4t zu gew\u00e4hrleisten, Optimierung der Koordination mit Sozialdiensten Qualit\u00e4t beinhaltet<\/p>\n<p>auch, sagte Sie, dass Sie m\u00f6chten vorankommen in ihre wirtschaftliche Sicherheit, so dass sie k\u00f6nnen &#8220;vertrauensvoll&#8221; in diesem Stadium des Lebens konfrontiert und hat, best\u00e4tigt die Bedeutung der generationen\u00fcbergreifenden famili\u00e4ren Beziehungen in der Verfassung einer Gesellschaft &#8220;moderne und fortschrittliche, umweltfreundliche&#8221; mit seiner Vergangenheit, mit seinen heutigen anspruchsvollen und ehrgeizigen mit ihrer Zukunft.<\/p>\n<p>Mato f\u00fcgte hinzu, dass sie arbeiten, dass diejenigen, die fort- und Weiterbildung im Laufe seines Lebens jede Gelegenheit haben zu tun, so und so wer will fortsetzen kann, ihre Kenntnisse und F\u00e4higkeiten in den Dienst der Gesellschaft mit &#8220;Formeln, die ihre T\u00e4tigkeit erweitert wird&#8221;.<\/p>\n<p>berichtet, dass er will, die R\u00e4ume der Beteiligung der \u00e4ltesten als &#8220;aktive Mitglieder der Gemeinschaft&#8221; zu erweitern und zu betonen, dass Chancengleichheit muss auch f\u00fcr diese Menschen, insbesondere Frauen, und die Bewohner des l\u00e4ndlichen Durchschnitts sein.<\/p>\n<p>Mato hat gezielt \u00e4ltere Menschen zu erkennen, dass in einer schwierigen Zeit, sie, wieder einmal sind in die wichtigste St\u00fctze der Familien, junge und weniger junge, das gehen falsch.<\/p>\n<p> &lt; p&gt; Seitdem mit Hilfe der &#8220;Gro\u00dfz\u00fcgigkeit&#8221; ihre Kinder vorankommen in einer Probe von &#8220;Mut, Lieferung und Mut&#8221; die &#8220;selten sieht belohnte&#8221; und ist manchmal nicht ausreichend anerkannt.<\/p>\n<p>nach Mato, entwickelt die Aktivit\u00e4ten w\u00e4hrend dieses Europ\u00e4ischen Jahres er\u00f6ffnete in \u00c1vila, geschlossen mit einem Gleichgewicht &#8220;sehr positiv&#8221;, da das erreichte, dass die Spanier zeigt &#8220;aktive Gesellschaft ist, f\u00fchrte mit \u00e4lteren Menschen und ihre Lebensqualit\u00e4t&#8221;.<\/p>\n<p>und trotz der Schwierigkeiten, die offizielle Veranstaltung in Spanien-Programm des Ministeriums durch Imserso getrieben hatte 44 Aktivit\u00e4ten, die beteiligten Nichtregierungs &#8211; Organisationen, Verb\u00e4nde und andere \u00f6ffentliche Institutionen und Private. gewesen<\/p>\n<p>seiner Meinung haben &#8220;gebracht worden Wert,&#8221; die Bedeutung des aktiven Alterns stimuliert den Austausch zwischen Menschen aller Altersgruppen und &#8220;Sensibilisierung gegen Diskriminierung wegen Alters&#8221;.<\/p>\n","protected":false},"excerpt":{"rendered":"<p>Zaragoza, 21 nov (EFE).-der Minister f\u00fcr Gesundheit, Soziales und Familie, Ana Mato, legte heute in Zaragoza Entwurf des Statuts des gr\u00f6\u00dfer, ein Leitfaden f\u00fcr die Erarbeitung der \u00f6ffentlichen Politik &#8220;zur gesunden Altern zu f\u00f6rdern und Pflegefall zu verhindern&#8221;. die Satzung, die dem Minister zufolge das pers\u00f6nliches Engagement des Pr\u00e4sidenten der Regierung, Mariano Rajoy gibt, umfasst [&hellip;]<\/p>\n","protected":false},"author":1,"featured_media":0,"comment_status":"close","ping_status":"open","sticky":false,"template":"","format":"standard","meta":{"footnotes":""},"categories":[3],"tags":[37759,37761,37760],"class_list":["post-27226","post","type-post","status-publish","format-standard","hentry","category-allgemeine","tag-einig","tag-pflegefall","tag-satzung","et-doesnt-have-format-content","et_post_format-et-post-format-standard"],"_links":{"self":[{"href":"https:\/\/www.best-dentist-dentistry.com\/de\/wp-json\/wp\/v2\/posts\/27226","targetHints":{"allow":["GET"]}}],"collection":[{"href":"https:\/\/www.best-dentist-dentistry.com\/de\/wp-json\/wp\/v2\/posts"}],"about":[{"href":"https:\/\/www.best-dentist-dentistry.com\/de\/wp-json\/wp\/v2\/types\/post"}],"author":[{"embeddable":true,"href":"https:\/\/www.best-dentist-dentistry.com\/de\/wp-json\/wp\/v2\/users\/1"}],"replies":[{"embeddable":true,"href":"https:\/\/www.best-dentist-dentistry.com\/de\/wp-json\/wp\/v2\/comments?post=27226"}],"version-history":[{"count":0,"href":"https:\/\/www.best-dentist-dentistry.com\/de\/wp-json\/wp\/v2\/posts\/27226\/revisions"}],"wp:attachment":[{"href":"https:\/\/www.best-dentist-dentistry.com\/de\/wp-json\/wp\/v2\/media?parent=27226"}],"wp:term":[{"taxonomy":"category","embeddable":true,"href":"https:\/\/www.best-dentist-dentistry.com\/de\/wp-json\/wp\/v2\/categories?post=27226"},{"taxonomy":"post_tag","embeddable":true,"href":"https:\/\/www.best-dentist-dentistry.com\/de\/wp-json\/wp\/v2\/tags?post=27226"}],"curies":[{"name":"wp","href":"https:\/\/api.w.org\/{rel}","templated":true}]}}