{"id":27228,"date":"2012-11-27T03:33:33","date_gmt":"2012-11-27T03:33:33","guid":{"rendered":null},"modified":"-0001-11-30T00:00:00","modified_gmt":"-0001-11-30T00:00:00","slug":"asisa-and-hospital-moncloa-drive-together-with-semergen-madrid-a-training-cycle-for-primary-care-physicians","status":"publish","type":"post","link":"https:\/\/www.best-dentist-dentistry.com\/de\/asisa-and-hospital-moncloa-drive-together-with-semergen-madrid-a-training-cycle-for-primary-care-physicians\/27228","title":{"rendered":"ASISA und Krankenhaus Moncloa Laufwerk zusammen mit SEMERGEN Madrid eine Ausbildung Zyklus f\u00fcr Haus\u00e4rzte"},"content":{"rendered":"<p class=\"first\"> MADRID, 21 (EUROPA PRESS)<\/p>\n<p>ASISA und dem Krankenhaus Moncloa in Zusammenarbeit mit der spanischen Gesellschaft von Madrid (SEMERGEN-Madrid), organisiert Haus\u00e4rzte haben ein Ausbildungszyklus Updates in Krankheiten verbreitet gesteuerte Versorgung \u00c4rzte prim\u00e4r.<\/p>\n<p>hat die Gesundheit der Gemeinschaft von Madrid, Prado Sanjurjo Bethlehem Counsel eingeweiht, dieser ersten Trainingstag in einem Akt, die auch mit der Anwesenheit des Chief Executive Officer von ASISA, Enrique de Porres gez\u00e4hlt hat; die Pr\u00e4sidenten-e SEMERGEN-Madrid, Carmen Vald\u00e9s; der Sekret\u00e4r des Kollegiums der \u00c4rzte von Madrid, Emilio Villar; der Gesch\u00e4ftsf\u00fchrer der Krankenhaus-Moncloa, Juan Jose Fernandez Ramos; und der Delegierte der ASISA in Madrid, Luis Mayero.<\/p>\n<p>w\u00e4hrend der Einweihung, der Rat der Gesundheit hat auf die Bedeutung des private Gesundheitsversorgung in der Gemeinschaft von Madrid zur Konsolidierung eines Gesundheitssystems, das Gesundheitswesen Exzellenz als seine Eckpfeiler Aufmerksamkeit prim\u00e4r hat.<\/p>\n<p>mit diesem Zyklus von Seminaren und Workshops, der Versicherer ASISA-Wetten auf die \u00dcberarbeitung und Aktualisierung der verschiedenen Themen verlangte von den Fachleuten angesichts seiner Bedeutung und Notwendigkeit in der t\u00e4glichen medizinischen Praxis beide \u00c4rzte in der Grundversorgung von den \u00c4rzten, die Aus\u00fcbung ihres Berufes im privaten Gesundheitswesen in Madrid.<\/p>\n<p>ebenso die Organisatoren haben betont, dass das Design dieses Ausbildung hat einen Einfluss auf die Erweiterung der Kenntnis der \u00c4rzte durch Update Sessions und Workshops zu relevanten Themen wie Diabetes, Asthma, chronisch obstruktive Lungenerkrankung (COPD), Dermatologie Konsultationen, Palliativmedizin, die Muskel-Skelett-Pathologie, Vorhofflimmern und Arrhythmien.<\/p>\n<p>auf der anderen Seite, hat Auswirkungen in diesem Allgemeinmedizin Familienmedizin, durch die Erhaltung und Verbesserung der Fachkompetenz der \u00c4rzte, ein Ziel, das hat man Forschungsf\u00f6rderung und erleichtern die st\u00e4ndig aktualisierten gef\u00f6rdert werden sollen durch st\u00e4ndige Weiterbildung der Fachleute um die Qualit\u00e4t der Pflege der Gesundheit der B\u00fcrger zu erhalten.<\/p>\n","protected":false},"excerpt":{"rendered":"<p>MADRID, 21 (EUROPA PRESS) ASISA und dem Krankenhaus Moncloa in Zusammenarbeit mit der spanischen Gesellschaft von Madrid (SEMERGEN-Madrid), organisiert Haus\u00e4rzte haben ein Ausbildungszyklus Updates in Krankheiten verbreitet gesteuerte Versorgung \u00c4rzte prim\u00e4r. hat die Gesundheit der Gemeinschaft von Madrid, Prado Sanjurjo Bethlehem Counsel eingeweiht, dieser ersten Trainingstag in einem Akt, die auch mit der Anwesenheit des [&hellip;]<\/p>\n","protected":false},"author":1,"featured_media":0,"comment_status":"close","ping_status":"open","sticky":false,"template":"","format":"standard","meta":{"footnotes":""},"categories":[3],"tags":[37764,37762,37761,37763],"class_list":["post-27228","post","type-post","status-publish","format-standard","hentry","category-allgemeine","tag-ausbildung-zyklus","tag-moncloa-laufwerk","tag-pflegefall","tag-semergen-madrid","et-doesnt-have-format-content","et_post_format-et-post-format-standard"],"_links":{"self":[{"href":"https:\/\/www.best-dentist-dentistry.com\/de\/wp-json\/wp\/v2\/posts\/27228","targetHints":{"allow":["GET"]}}],"collection":[{"href":"https:\/\/www.best-dentist-dentistry.com\/de\/wp-json\/wp\/v2\/posts"}],"about":[{"href":"https:\/\/www.best-dentist-dentistry.com\/de\/wp-json\/wp\/v2\/types\/post"}],"author":[{"embeddable":true,"href":"https:\/\/www.best-dentist-dentistry.com\/de\/wp-json\/wp\/v2\/users\/1"}],"replies":[{"embeddable":true,"href":"https:\/\/www.best-dentist-dentistry.com\/de\/wp-json\/wp\/v2\/comments?post=27228"}],"version-history":[{"count":0,"href":"https:\/\/www.best-dentist-dentistry.com\/de\/wp-json\/wp\/v2\/posts\/27228\/revisions"}],"wp:attachment":[{"href":"https:\/\/www.best-dentist-dentistry.com\/de\/wp-json\/wp\/v2\/media?parent=27228"}],"wp:term":[{"taxonomy":"category","embeddable":true,"href":"https:\/\/www.best-dentist-dentistry.com\/de\/wp-json\/wp\/v2\/categories?post=27228"},{"taxonomy":"post_tag","embeddable":true,"href":"https:\/\/www.best-dentist-dentistry.com\/de\/wp-json\/wp\/v2\/tags?post=27228"}],"curies":[{"name":"wp","href":"https:\/\/api.w.org\/{rel}","templated":true}]}}