{"id":27237,"date":"2012-11-27T03:34:56","date_gmt":"2012-11-27T03:34:56","guid":{"rendered":null},"modified":"-0001-11-30T00:00:00","modified_gmt":"-0001-11-30T00:00:00","slug":"skeptical-germany-face-prospects-of-climate-conference","status":"publish","type":"post","link":"https:\/\/www.best-dentist-dentistry.com\/de\/skeptical-germany-face-prospects-of-climate-conference\/27237","title":{"rendered":"Skeptisch Deutschland Gesicht Perspektiven der Klimakonferenz"},"content":{"rendered":"<p class=\"first\"> Berl\u00edn, 23 nov (EFE).-El Ministro Alem\u00e1n de Medioambiente, Peter Altmeier, Se Mostr\u00f3 Hoy Esc\u00e9ptico Sobre Las Perspectivas De La Conferencia del Clima de Doha, Donde Duda Que Se Hagan Progresos Significativos de la Lucha Contra el Calentamiento De La Tierra.<\/p>\n<p>&#8220;Estoy Preocupado Por el Estado de Que Est\u00e1n Los Preparativos&#8221;, Reconoci\u00f3 Hoy Altmeier En Una Rueda de Prensa En Berl\u00edn.<\/p>\n<p>En Su Opini\u00f3n, la Par\u00e1lisis Desatada Por el Fracaso De La Cumbre del Clima de Copenhague de 2009 Todav\u00eda keine ha Sido Completamente Superada, y la Uni\u00f3n Europea (UE) Deber\u00eda Dar Una Se\u00f1al Poni\u00e9ndose Como Meta Una Reducci\u00f3n del 30 Por Ciento-de Lugar del 20 Por Ciento-de Las Emisiones de Di\u00f3xido de Carbono (CO2) Abs. 2020 Tomando Como Referencia el A\u00f1o 1990.<\/p>\n<p>&#8220;Me Parece unverzichtbar Que la UE Aumente al 30 Por Ciento Su Meta de Reducci\u00f3n de Emisores Para 2020. Ello Se Incrementar\u00eda la Presi\u00f3n Sobre Otros Pa\u00edses Con&#8221;, Dijo Altmeier.<\/p>\n<p> < p&gt; Nach dem Minister beschlie\u00dft Qatar achtj\u00e4hrigen Erweiterung des Kyoto-Protokolls, die nur Vertrag \u00fcber die Reduzierung der Treibhausgase, das nur von 15 Prozent der Emissionen L\u00e4ndern ratifiziert worden ist.EFE<\/p>\n","protected":false},"excerpt":{"rendered":"<p>Berl\u00edn, 23 nov (EFE).-El Ministro Alem\u00e1n de Medioambiente, Peter Altmeier, Se Mostr\u00f3 Hoy Esc\u00e9ptico Sobre Las Perspectivas De La Conferencia del Clima de Doha, Donde Duda Que Se Hagan Progresos Significativos de la Lucha Contra el Calentamiento De La Tierra. &#8220;Estoy Preocupado Por el Estado de Que Est\u00e1n Los Preparativos&#8221;, Reconoci\u00f3 Hoy Altmeier En Una [&hellip;]<\/p>\n","protected":false},"author":1,"featured_media":0,"comment_status":"close","ping_status":"open","sticky":false,"template":"","format":"standard","meta":{"footnotes":""},"categories":[3],"tags":[37775,37774],"class_list":["post-27237","post","type-post","status-publish","format-standard","hentry","category-allgemeine","tag-klimakonferenz","tag-skeptisch","et-doesnt-have-format-content","et_post_format-et-post-format-standard"],"_links":{"self":[{"href":"https:\/\/www.best-dentist-dentistry.com\/de\/wp-json\/wp\/v2\/posts\/27237","targetHints":{"allow":["GET"]}}],"collection":[{"href":"https:\/\/www.best-dentist-dentistry.com\/de\/wp-json\/wp\/v2\/posts"}],"about":[{"href":"https:\/\/www.best-dentist-dentistry.com\/de\/wp-json\/wp\/v2\/types\/post"}],"author":[{"embeddable":true,"href":"https:\/\/www.best-dentist-dentistry.com\/de\/wp-json\/wp\/v2\/users\/1"}],"replies":[{"embeddable":true,"href":"https:\/\/www.best-dentist-dentistry.com\/de\/wp-json\/wp\/v2\/comments?post=27237"}],"version-history":[{"count":0,"href":"https:\/\/www.best-dentist-dentistry.com\/de\/wp-json\/wp\/v2\/posts\/27237\/revisions"}],"wp:attachment":[{"href":"https:\/\/www.best-dentist-dentistry.com\/de\/wp-json\/wp\/v2\/media?parent=27237"}],"wp:term":[{"taxonomy":"category","embeddable":true,"href":"https:\/\/www.best-dentist-dentistry.com\/de\/wp-json\/wp\/v2\/categories?post=27237"},{"taxonomy":"post_tag","embeddable":true,"href":"https:\/\/www.best-dentist-dentistry.com\/de\/wp-json\/wp\/v2\/tags?post=27237"}],"curies":[{"name":"wp","href":"https:\/\/api.w.org\/{rel}","templated":true}]}}