{"id":27283,"date":"2012-11-28T02:40:14","date_gmt":"2012-11-28T02:40:14","guid":{"rendered":null},"modified":"-0001-11-30T00:00:00","modified_gmt":"-0001-11-30T00:00:00","slug":"palacios-rejects-closure-of-hospital-services-and-clinics-and-attributed-them-to-the-summer-period","status":"publish","type":"post","link":"https:\/\/www.best-dentist-dentistry.com\/de\/palacios-rejects-closure-of-hospital-services-and-clinics-and-attributed-them-to-the-summer-period\/27283","title":{"rendered":"Palacios lehnt die Schlie\u00dfung von Krankenh\u00e4usern und Kliniken und ihnen der Sommerperiode zugeschrieben"},"content":{"rendered":"<p class=\"first\"> MURCIA, 22 (EUROPA PRESS)<\/p>\n<p>des Ministers f\u00fcr <span class=\"yshortcuts\" id=\"lw_1337701646_2\"> Gesundheit<\/span> und Sozialpolitik, Mar\u00eda \u00c1ngeles Palacios, hat abgelehnt, dass es die Schlie\u00dfung von Kliniken und <span class=\"yshortcuts\" id=\"lw_1337701646_3\"> Krankenh\u00e4usern<\/span> studiert, und ist dieser Umstand f\u00fcr die Gesundheit Bereiche &#8220;arbeiten zu organisieren, dem Urlaubszeitraum von Angeh\u00f6rigen der Gesundheitsberufe&#8221; getadelt.<\/p>\n<p>Palacios reagierte auf diese Weise auf die Kritik aus dem Kopf der Gesundheit der <span class=\"yshortcuts\" id=\"lw_1337701646_1\"> sozialistischen Fraktion<\/span>, <span class=\"yshortcuts\" id=\"lw_1337701646_0\"> Teresa Rosique<\/span>, der sagte, dass die wirtschaftlichen und finanziellen Ausgleich Plan &#8220;verweigert zu Pal\u00e4sten und zeigt, dass die Rosell erl\u00f6schen, ein Krankenhaus zu sein&#8221;.<\/p>\n<p>Palacios kurz erkl\u00e4rt, &#8220;beginnt die Sommersaison und Feiertagen f\u00fcr Gesundheit <span class=\"yshortcuts\"id=\"lw_1337701646_5\"> Profis<\/span>, die befindet sich normalerweise in die Monaten Juni, Juli, August und September&#8221;., erinnert daran, dass dieser Zeitraum &#8220;beginnt jedes Jahr aus den Bereichen Gesundheit planen&#8221;.<\/p>\n<p>, hat best\u00e4tigt, dass alle Bereiche der <span class=\"yshortcuts\" id=\"lw_1337701646_6\"> Gesundheit<\/span> &#8220;arbeiten wie jedes Jahr zur Vorbereitung dieser vier Monate Urlaub, die Praktiker, nach eigenem Ermessen w\u00e4hlen k\u00f6nnen,&#8221;. hat deshalb beschuldigt <span class=\"yshortcuts\" id=\"lw_1337701646_4\"> Rosique<\/span> wollen &#8220;missverstehen dies mit der Tatsache, dass Sie&#8221;in der N\u00e4he studieren&#8221;Dienstleistungen.&#8221;<\/p>\n<p>Bereiche Gesundheit zielt darauf ab, &#8220;mit Profis arbeiten so, dass sie die Gesundheit nicht beeintr\u00e4chtigen, k\u00f6nnen Sie Urlaub so nehmen&#8221;.<\/p>\n<p>Palacios Hat er Rosique &#8220;Keep doing Demagogie dieser Fragen&#8221; beklagt, und es hei\u00dft in Frage die Quellen des sozialistischen Members, seit &#8220;hatte ergeben, dass wir hatten, alle Manager des Bereichs zu \u00e4ndern und die gleichen Namen des Vorjahres, d.h. Personen, die sie nicht mehr als Area Manager sind verwaltet&#8221;.<\/p>\n","protected":false},"excerpt":{"rendered":"<p>MURCIA, 22 (EUROPA PRESS) des Ministers f\u00fcr Gesundheit und Sozialpolitik, Mar\u00eda \u00c1ngeles Palacios, hat abgelehnt, dass es die Schlie\u00dfung von Kliniken und Krankenh\u00e4usern studiert, und ist dieser Umstand f\u00fcr die Gesundheit Bereiche &#8220;arbeiten zu organisieren, dem Urlaubszeitraum von Angeh\u00f6rigen der Gesundheitsberufe&#8221; getadelt. Palacios reagierte auf diese Weise auf die Kritik aus dem Kopf der Gesundheit [&hellip;]<\/p>\n","protected":false},"author":1,"featured_media":0,"comment_status":"close","ping_status":"open","sticky":false,"template":"","format":"standard","meta":{"footnotes":""},"categories":[3],"tags":[37825],"class_list":["post-27283","post","type-post","status-publish","format-standard","hentry","category-allgemeine","tag-einleiten","et-doesnt-have-format-content","et_post_format-et-post-format-standard"],"_links":{"self":[{"href":"https:\/\/www.best-dentist-dentistry.com\/de\/wp-json\/wp\/v2\/posts\/27283","targetHints":{"allow":["GET"]}}],"collection":[{"href":"https:\/\/www.best-dentist-dentistry.com\/de\/wp-json\/wp\/v2\/posts"}],"about":[{"href":"https:\/\/www.best-dentist-dentistry.com\/de\/wp-json\/wp\/v2\/types\/post"}],"author":[{"embeddable":true,"href":"https:\/\/www.best-dentist-dentistry.com\/de\/wp-json\/wp\/v2\/users\/1"}],"replies":[{"embeddable":true,"href":"https:\/\/www.best-dentist-dentistry.com\/de\/wp-json\/wp\/v2\/comments?post=27283"}],"version-history":[{"count":0,"href":"https:\/\/www.best-dentist-dentistry.com\/de\/wp-json\/wp\/v2\/posts\/27283\/revisions"}],"wp:attachment":[{"href":"https:\/\/www.best-dentist-dentistry.com\/de\/wp-json\/wp\/v2\/media?parent=27283"}],"wp:term":[{"taxonomy":"category","embeddable":true,"href":"https:\/\/www.best-dentist-dentistry.com\/de\/wp-json\/wp\/v2\/categories?post=27283"},{"taxonomy":"post_tag","embeddable":true,"href":"https:\/\/www.best-dentist-dentistry.com\/de\/wp-json\/wp\/v2\/tags?post=27283"}],"curies":[{"name":"wp","href":"https:\/\/api.w.org\/{rel}","templated":true}]}}