{"id":27302,"date":"2012-11-28T02:44:09","date_gmt":"2012-11-28T02:44:09","guid":{"rendered":null},"modified":"-0001-11-30T00:00:00","modified_gmt":"-0001-11-30T00:00:00","slug":"morales-invited-president-correa-to-participate-in-the-assembly-of-the-oas","status":"publish","type":"post","link":"https:\/\/www.best-dentist-dentistry.com\/de\/morales-invited-president-correa-to-participate-in-the-assembly-of-the-oas\/27302","title":{"rendered":"Morales lud Pr\u00e4sident Correa zur Teilnahme an der Versammlung der OAS"},"content":{"rendered":"<p class=\"first\"> <span class=\"yshortcuts\" id=\"lw_1338571589_1\"> Cochabamba<\/span> (<span class=\"yshortcuts\" id=\"lw_1338571589_5\"> Bolivien<\/span>), 1 jun (EFE).-<span class=\"yshortcuts\" id=\"lw_1338571589_0\"> Der Pr\u00e4sident von Bolivien<\/span>, <span class=\"yshortcuts\" id=\"lw_1338571589_4\"> Evo Morales<\/span>, lud heute in einem Brief an Rafael Correa der 42 Generalversammlung der <span class=\"yshortcuts\" id=\"lw_1338571589_2\"> OAS<\/span> beginnt am Sonntag in der zentralen Stadt Cochabamba, wo der ecuadorianische Pr\u00e4sident zeigte sein Interesse an den <span class=\"yshortcuts\" id=\"lw_1338571589_3\"> Regierungspalast<\/span> berichtet.<\/p>\n<p>Correa, die Teilnahme am Gipfel Amerikas hielt im April in der kolumbianischen Stadt Cartagena aus Protest durch den Ausschluss von Kuba abgelehnt, zeigte sein Interesse an der participate in <span class=\"yshortcuts\" id=\"lw_1338571589_8\"> the Assembly<\/span> of the Organization of American States (OAS) in Bolivia, said Morales, according to a press release officer.<\/p>\n<p>&#8220;Convinced that its presence will enhance this historic act, in which we find two brotherly countries of our America to analyze the problems in common of our peoples, I have the honour to invite you to participate in this hemispheric encounter,&#8221; said Morales in the letter released by the Palace of Government in La Paz.<\/p>\n<p>the Ecuadorian ruler has accused several times to the OAS of being dominated by the United States and is in favour of replacing it with entities such as the Union of South American Nations (Unasur) and the community of Latin American and the Caribbean (Celac).<\/p>\n<p>belt has been especially critical of the Inter-American Commission of human rights (IACHR), an autonomous OAS agency and has requested the relocation of its headquarters from Washington to Panama.<\/p>\n<p> &lt; p&gt; Im M\u00e4rz dieses Jahres, ecuadorianische Au\u00dfenminister Ricardo Pati\u00f1o, erwartet, dass sein Land die \u00c4nderung darstellen wird Vertreter der Agentur auf <span class=\"yshortcuts\" id=\"lw_1338571589_6\"> die Generalversammlung<\/span> in Cochabamba.<\/p>\n<p>seinem bolivianischen Amtskollegen David Choquehuanca, in Interviews ver\u00f6ffentlicht am Wochenende in La Paz, die Konklave werden bewertet die Leistung der Mechanismen der OAS, z. B. die IACHR, dann &#8220;Ma\u00dfnahmen&#8221; offenbart.<\/p>\n<p>Generalsekret\u00e4r der OAS, <span class=\"yshortcuts\" id=\"lw_1338571589_7\"> Jos\u00e9 Miguel Insulza<\/span>, kam heute zu Cochabamba gerne vom Sonntag bei der Versammlung des K\u00f6rpers, die das &#8220;Sicherheit Essen mit Souver\u00e4nit\u00e4t in Amerika&#8221; als Thema Hauptseite. analysiert werden<\/p>\n<p>der chilenischen Insulza erhielt am Flughafen in Cochabamba von der bolivianischen Botschafter bei der OAS, Diego Pari; der Gouverneur der Region, Edmundo Novillo und B\u00fcrgermeister Edwin Castellanos. EFE<\/p>\n","protected":false},"excerpt":{"rendered":"<p>Cochabamba ( Bolivien), 1 jun (EFE).- Der Pr\u00e4sident von Bolivien, Evo Morales, lud heute in einem Brief an Rafael Correa der 42 Generalversammlung der OAS beginnt am Sonntag in der zentralen Stadt Cochabamba, wo der ecuadorianische Pr\u00e4sident zeigte sein Interesse an den Regierungspalast berichtet. Correa, die Teilnahme am Gipfel Amerikas hielt im April in der [&hellip;]<\/p>\n","protected":false},"author":1,"featured_media":0,"comment_status":"close","ping_status":"open","sticky":false,"template":"","format":"standard","meta":{"footnotes":""},"categories":[3],"tags":[],"class_list":["post-27302","post","type-post","status-publish","format-standard","hentry","category-allgemeine","et-doesnt-have-format-content","et_post_format-et-post-format-standard"],"_links":{"self":[{"href":"https:\/\/www.best-dentist-dentistry.com\/de\/wp-json\/wp\/v2\/posts\/27302","targetHints":{"allow":["GET"]}}],"collection":[{"href":"https:\/\/www.best-dentist-dentistry.com\/de\/wp-json\/wp\/v2\/posts"}],"about":[{"href":"https:\/\/www.best-dentist-dentistry.com\/de\/wp-json\/wp\/v2\/types\/post"}],"author":[{"embeddable":true,"href":"https:\/\/www.best-dentist-dentistry.com\/de\/wp-json\/wp\/v2\/users\/1"}],"replies":[{"embeddable":true,"href":"https:\/\/www.best-dentist-dentistry.com\/de\/wp-json\/wp\/v2\/comments?post=27302"}],"version-history":[{"count":0,"href":"https:\/\/www.best-dentist-dentistry.com\/de\/wp-json\/wp\/v2\/posts\/27302\/revisions"}],"wp:attachment":[{"href":"https:\/\/www.best-dentist-dentistry.com\/de\/wp-json\/wp\/v2\/media?parent=27302"}],"wp:term":[{"taxonomy":"category","embeddable":true,"href":"https:\/\/www.best-dentist-dentistry.com\/de\/wp-json\/wp\/v2\/categories?post=27302"},{"taxonomy":"post_tag","embeddable":true,"href":"https:\/\/www.best-dentist-dentistry.com\/de\/wp-json\/wp\/v2\/tags?post=27302"}],"curies":[{"name":"wp","href":"https:\/\/api.w.org\/{rel}","templated":true}]}}