{"id":27329,"date":"2012-11-28T02:49:04","date_gmt":"2012-11-28T02:49:04","guid":{"rendered":null},"modified":"-0001-11-30T00:00:00","modified_gmt":"-0001-11-30T00:00:00","slug":"authorities-confirm-the-first-death-by-flu-this-year-in-el-salvador","status":"publish","type":"post","link":"https:\/\/www.best-dentist-dentistry.com\/de\/authorities-confirm-the-first-death-by-flu-this-year-in-el-salvador\/27329","title":{"rendered":"authorities confirm the first death by flu this year in el salvador"},"content":{"rendered":"<p class=\"first\"> San Salvador, 13 Juni (EFE).-El Ministerio de Salud de El Salvador Confirm\u00f3 Hoy la Primera Muerte Por gripe A de lo Que va de Este A\u00f1o e Inform\u00f3 Que Se Han Adresse Casi un Centenar de Casos, Pero Reafirm\u00f3 Que la Enfermedad Todav\u00eda no Alcanza Niveles Epid\u00e9micos.<\/p>\n<p>La V\u00edctima sterblichen es un Ni\u00f1o de un A\u00f1o y Medio de Edad, Originario De La Libertad (Centro), Que Falleci\u00f3 el 9 de Mayo Pasado de el estatal Krankenhaus Benjamin Bloom de San Salvador, Inform\u00f3 ein Efe Una Portavoz del Ministerio de Salud.<\/p>\n<p>de Principio, Hab\u00edan Dudas Sobre las Causas De La Muerte del Ni\u00f1o, Pues, Seg\u00fan el Viceministro de Salud Eduardo Espinoza, Tambi\u00e9n Padec\u00eda de Par\u00e1lisis zerebrale y Neumon\u00eda, Pero Finalmente Se Confirm\u00f3 Que Fue la gripe A, Contra la cual keine Estaba Vacunado.<\/p>\n<p>La Viceministra de Salud Violeta Menj\u00edvar Indic\u00f3 a Periodistas Que Los Casos de Esta Enfermedad de 2012 ya Suman al Menos 96, de Los Cuales 21 Se Registraron la Semana Pasada.<\/p>\n<p>&#8220;Llevamos ya 96 Casos; Aunque Heu un Incremento Casi Sostenido Cada Semana De La Gripe A, kein Estamos de Niveles Epid\u00e9micos &#8220;, Por lo Que no Se Declarar\u00e1 ningun Nivel de Alerta, Sostuvo la Funcionaria.<\/p>\n<p>Los Menores de 10 A\u00f1os Representan el 50 Por Ciento de Los Afectados Por la Gripe A, de Acuerdo con un Informe De La Direcci\u00f3n de Epidemiolog\u00eda del Ministerio de Salud.<\/p>\n<p>De Los 96 Casos, 46 Sohn Varones 50 y Mujeres, A\u00f1adi\u00f3 el Reporte, Que Apunt\u00f3 Que la Mayor\u00eda de Ni\u00f1os Afectados kein Hab\u00eda Sido Vacunada Contra la Gripe A.<\/p>\n<p>de El Salvador Murieron 33 Personas de 2009 A Ra\u00edz De La Gripe Mientras Que Otras 851 Contrajeron el Virus, y de 2010 Se Registr\u00f3 al Menos un Fallecido, Seg\u00fan Datos Oficiales.<\/p>\n<p>El Direktor de Vigilancia Sanitaria del Ministerio de Salud, Julio Armero, Dijo Recientemente Que la Gripe A Est\u00e1&#8221;Circulando&#8221;de el Pa\u00eds Desde 2009 y Que de 2010 y 2011 Hubo Una&#8221;Baja Circulaci\u00f3n&#8221;del Virus.<\/p>\n<p> < p&gt; Die Gesundheitsbeh\u00f6rden haben darauf bestanden, dass die Bev\u00f6lkerung treffen die erforderlichen Ma\u00dfnahmen, um weitere Ansteckung zu verhindern, unter ihnen der Impfstoff ist, besonders gef\u00e4hrdeten Bev\u00f6lkerungsgruppen, wie Menschen im Alter von \u00fcber 60 Kinder und schwangere Frauen.<\/p>\n<p>, laut Ministerium der Gesundheit, die gemeinsame Grippe-Virus und das H1N1 zirkuliert zwischen Juni und August, also zuletzt k\u00f6nnen entwickelt eine Impfung auf nationaler Ebene Kampagne.<\/p>\n<p>mehr als 1,4 Millionen Dosen in der Kampagne f\u00fcr Kinder und Erwachsene \u00fcbernommen wurden und wurden auch geimpft gegen Masern und R\u00f6teln, entsprechend der Information Officer.<\/p>\n<p>Gesundheitsbeh\u00f6rden haben darauf bestanden, dass die Bev\u00f6lkerung treffen die erforderlichen Ma\u00dfnahmen, um weitere Ansteckung zu verhindern, unter ihnen der Impfstoff ist, besonders gef\u00e4hrdeten Bev\u00f6lkerungsgruppen, wie Menschen \u00e4lter als 60 Jahre, Kinder und schwangere Frauen. WireImage \/<\/p>\n","protected":false},"excerpt":{"rendered":"<p>San Salvador, 13 Juni (EFE).-El Ministerio de Salud de El Salvador Confirm\u00f3 Hoy la Primera Muerte Por gripe A de lo Que va de Este A\u00f1o e Inform\u00f3 Que Se Han Adresse Casi un Centenar de Casos, Pero Reafirm\u00f3 Que la Enfermedad Todav\u00eda no Alcanza Niveles Epid\u00e9micos. La V\u00edctima sterblichen es un Ni\u00f1o de un [&hellip;]<\/p>\n","protected":false},"author":1,"featured_media":0,"comment_status":"close","ping_status":"open","sticky":false,"template":"","format":"standard","meta":{"footnotes":""},"categories":[3],"tags":[],"class_list":["post-27329","post","type-post","status-publish","format-standard","hentry","category-allgemeine","et-doesnt-have-format-content","et_post_format-et-post-format-standard"],"_links":{"self":[{"href":"https:\/\/www.best-dentist-dentistry.com\/de\/wp-json\/wp\/v2\/posts\/27329","targetHints":{"allow":["GET"]}}],"collection":[{"href":"https:\/\/www.best-dentist-dentistry.com\/de\/wp-json\/wp\/v2\/posts"}],"about":[{"href":"https:\/\/www.best-dentist-dentistry.com\/de\/wp-json\/wp\/v2\/types\/post"}],"author":[{"embeddable":true,"href":"https:\/\/www.best-dentist-dentistry.com\/de\/wp-json\/wp\/v2\/users\/1"}],"replies":[{"embeddable":true,"href":"https:\/\/www.best-dentist-dentistry.com\/de\/wp-json\/wp\/v2\/comments?post=27329"}],"version-history":[{"count":0,"href":"https:\/\/www.best-dentist-dentistry.com\/de\/wp-json\/wp\/v2\/posts\/27329\/revisions"}],"wp:attachment":[{"href":"https:\/\/www.best-dentist-dentistry.com\/de\/wp-json\/wp\/v2\/media?parent=27329"}],"wp:term":[{"taxonomy":"category","embeddable":true,"href":"https:\/\/www.best-dentist-dentistry.com\/de\/wp-json\/wp\/v2\/categories?post=27329"},{"taxonomy":"post_tag","embeddable":true,"href":"https:\/\/www.best-dentist-dentistry.com\/de\/wp-json\/wp\/v2\/tags?post=27329"}],"curies":[{"name":"wp","href":"https:\/\/api.w.org\/{rel}","templated":true}]}}