{"id":27461,"date":"2012-11-29T02:38:55","date_gmt":"2012-11-29T02:38:55","guid":{"rendered":null},"modified":"-0001-11-30T00:00:00","modified_gmt":"-0001-11-30T00:00:00","slug":"in-less-than-40-years-cases-of-dementia-will-triple","status":"publish","type":"post","link":"https:\/\/www.best-dentist-dentistry.com\/de\/in-less-than-40-years-cases-of-dementia-will-triple\/27461","title":{"rendered":"In weniger als 40 Jahren werden die F\u00e4lle von Demenz verdreifachen"},"content":{"rendered":"<p class=\"first\"> (www.neomundo.com.ar)-La Organizaci\u00f3n Mundial De La Salud (OMS) angek\u00fcndigt, dass er erwartet, dass die F\u00e4lle von Demenz von 35,6 Millionen heute auf etwa 115 Millionen bis zum Jahr 2050 ansteigen werden. ist zu sagen, dass diese Sch\u00e4tzungen erf\u00fcllt die Zahl der Menschen mit diesen neurologischen Ver\u00e4nderungen verdreifacht wird.<\/p>\n<p>in seinem Bericht Demenz: \u00f6ffentliche Gesundheit Priorit\u00e4t (Demenz: \u00f6ffentliche Gesundheit vorrangig durch seinen englischen Namen), Institution-Informationen, die f\u00fcr 2030, es werden mindestens 65 Millionen Menschen mit diesen Erkrankungen. betont, dass 58 % der F\u00e4lle heute auch in L\u00e4ndern mit niedrigem und mittlerem Einkommen sind, aber diese Zahl wird auf 70 % bis zum Jahr 2050 anwachsen.<\/p>\n<p>Wer glaubt, dass alle Programme zur Linderung dieses Problems auf die Verbesserung der Fr\u00fcherkennung, Bewusstsein konzentrieren muss) \u00d6ffentlichkeit \u00fcber Demenz, reduzieren die Stigmatisierung, die laden und bieten weitere Unterst\u00fctzung f\u00fcr Menschen, die Pflege von Patienten mit diesen Krankheiten.<\/p>\n<p>Demenz ist ein Satz Symptome von Krankheiten, die das Gehirn. beeinflussen generiert diese Symptome sind Verlust von Ged\u00e4chtnis, denken Probleme und \u00c4nderungen Verhaltensst\u00f6rungen. die h\u00e4ufigsten Ursachen der Demenz sind von Alzheimer und Parkinson<\/p>\n<p>\u2033Debemos verbessern unsere F\u00e4higkeit zu Demenz mehr fr\u00fchzeitig zu erkennen und stellen die Pflege Arzt und soziale erforderlich. Wir k\u00f6nnen viel tun, um die entlasten, die pr\u00e4sentiert Las Demencias Gesundheit Profis oft nicht angemessen zu Reconocerlas\u2033 ausgebildet sind, Oleg Chestnov, allgemeine stellvertretender Direktor der Abteilung nicht \u00fcbertragbare und seelischer Krankheiten der who sagt.<\/p>\n<p> < p&gt; Die Auffassung, dass das Stigma um Demenz wegen Mangel an Informationen und eine der wichtigsten Folgen der sozialen Isolation von Patienten mit der Krankheit und dem Volk als der Pflege. wiederum ist, macht diese Stigmatisierung viele Diagnosen versp\u00e4tet kommen.<\/p>\n<p>Weitere Informationen zu Gesundheit und Wissenschaft auf die www.neomundo.com.ar Website &#8211; klicken Sie einfach mit der Maus oben \u00fcber das NEOMUNDO-Logo<\/p>\n","protected":false},"excerpt":{"rendered":"<p>(www.neomundo.com.ar)-La Organizaci\u00f3n Mundial De La Salud (OMS) angek\u00fcndigt, dass er erwartet, dass die F\u00e4lle von Demenz von 35,6 Millionen heute auf etwa 115 Millionen bis zum Jahr 2050 ansteigen werden. ist zu sagen, dass diese Sch\u00e4tzungen erf\u00fcllt die Zahl der Menschen mit diesen neurologischen Ver\u00e4nderungen verdreifacht wird. in seinem Bericht Demenz: \u00f6ffentliche Gesundheit Priorit\u00e4t (Demenz: [&hellip;]<\/p>\n","protected":false},"author":1,"featured_media":0,"comment_status":"close","ping_status":"open","sticky":false,"template":"","format":"standard","meta":{"footnotes":""},"categories":[3],"tags":[37964],"class_list":["post-27461","post","type-post","status-publish","format-standard","hentry","category-allgemeine","tag-welt-abkehr","et-doesnt-have-format-content","et_post_format-et-post-format-standard"],"_links":{"self":[{"href":"https:\/\/www.best-dentist-dentistry.com\/de\/wp-json\/wp\/v2\/posts\/27461","targetHints":{"allow":["GET"]}}],"collection":[{"href":"https:\/\/www.best-dentist-dentistry.com\/de\/wp-json\/wp\/v2\/posts"}],"about":[{"href":"https:\/\/www.best-dentist-dentistry.com\/de\/wp-json\/wp\/v2\/types\/post"}],"author":[{"embeddable":true,"href":"https:\/\/www.best-dentist-dentistry.com\/de\/wp-json\/wp\/v2\/users\/1"}],"replies":[{"embeddable":true,"href":"https:\/\/www.best-dentist-dentistry.com\/de\/wp-json\/wp\/v2\/comments?post=27461"}],"version-history":[{"count":0,"href":"https:\/\/www.best-dentist-dentistry.com\/de\/wp-json\/wp\/v2\/posts\/27461\/revisions"}],"wp:attachment":[{"href":"https:\/\/www.best-dentist-dentistry.com\/de\/wp-json\/wp\/v2\/media?parent=27461"}],"wp:term":[{"taxonomy":"category","embeddable":true,"href":"https:\/\/www.best-dentist-dentistry.com\/de\/wp-json\/wp\/v2\/categories?post=27461"},{"taxonomy":"post_tag","embeddable":true,"href":"https:\/\/www.best-dentist-dentistry.com\/de\/wp-json\/wp\/v2\/tags?post=27461"}],"curies":[{"name":"wp","href":"https:\/\/api.w.org\/{rel}","templated":true}]}}