{"id":275,"date":"2011-12-26T23:40:43","date_gmt":"2011-12-26T23:40:43","guid":{"rendered":null},"modified":"2011-12-26T23:40:43","modified_gmt":"2011-12-26T23:40:43","slug":"universal-accessibility-a-challenge-that-remains","status":"publish","type":"post","link":"https:\/\/www.best-dentist-dentistry.com\/de\/universal-accessibility-a-challenge-that-remains\/275","title":{"rendered":"Allgemeine Zug\u00e4nglichkeit, eine Herausforderung, die bleibt."},"content":{"rendered":"<p><font   size=\"2\"> <strong><font size=\"3\"> allgemeine Zug\u00e4nglichkeit, eine Herausforderung ausstehende.<\/font><\/strong><\/p>\n<p>-am 3. Dezember ist Internationaler Tag gefeiert und europ\u00e4ischen von Menschen mit Behinderungen. <\/p>\n<p>-COCEMFE m\u00f6chte daran erinnern, dass Menschen mit Behinderungen noch Hindernisse f\u00fchren einen Leben-Standard durch das Fehlen der Zug\u00e4nglichkeit der St\u00e4dte. <\/p>\n<p>-allgemeine Zug\u00e4nglichkeit profitieren nicht nur unser Kollektiv wenn nicht, die es wirkt sich positiv in der gesamten Gesellschaft. <\/p>\n<p><strong>Madrid, November 2009-<\/strong> Anl\u00e4sslich der internationalen Tag und europ\u00e4ischen von Menschen mit Behinderungen, am 3. Dezember statt COCEMFE will der Gesellschaft daran erinnern, gibt es immer noch viele physische Barrieren, die Personen mit Behinderungen, ein standardisiertes Leben zu tragen und gleichberechtigt mit dem Rest der Bev\u00f6lkerung. <\/p>\n<p>Bordsteine zu hoch oder Hindernisse, Tunnel in B\u00fcrgersteige, Papierfabriken oder schlecht platzierte Stra\u00dfenbeleuchtung auf den Stra\u00dfen, sind nur einige der Probleme, die jeden Tag mit Menschen mit Behinderungen vor. <\/p>\n<p>Der Pr\u00e4sident von COCEMFE, Mario Garc\u00eda, die Stadtplanung der St\u00e4dte auf der Grundlage der Kriterien der universellen Zug\u00e4nglichkeit ist eine Verpflichtung.  Spanien sollten verbessern diesen Aspekt zuerst, da gibt es Pl\u00e4ne der Zug\u00e4nglichkeit in allen Gemeinden, die entwerfen befahrbar f\u00fcr alle Umgebungen, und zweitens, weil es ihn schickt der UN-\u00dcbereinkommen \u00fcber Menschen mit Behinderungen &#8221;, entsprechend Garc\u00eda. <\/p>\n<p>In diesem Zusammenhang von der Konf\u00f6deration Wert des Beitrags hat er mit den spanischen Plan f\u00fcr den Reiz von Wirtschaft und Besch\u00e4ftigung (Plan E) um die allgemeine Zug\u00e4nglichkeit unserer St\u00e4dte, die bedeutete mehr \u00f6ffentliche Investitionen im Bereich der Zug\u00e4nglichkeit in unser Land. <\/p>\n<p>Aus diesem Grund, Mario Garc\u00eda, will es auch die Gemeinden aufmerksam so weiter auf diesem Weg und Verbesserung der Zug\u00e4nglichkeit der Gemeinden mit der k\u00fcrzlich verabschiedeten staatlichen Fonds f\u00fcr die Besch\u00e4ftigung und die lokale Nachhaltigkeit. <\/p>\n<p>Ebenso muss es die Zug\u00e4nglichkeit nicht vergessen, wenn sie den Prozess der Erneuerung unserer St\u00e4dte, immer unter Ber\u00fccksichtigung der Bed\u00fcrfnisse behinderter Menschen durchgef\u00fchrt.  Ist die Kreation der Alternativrouten zug\u00e4nglich, weil nicht k\u00f6nnen keine Person mit Behinderungen zu Hause aus einem Graben einschlie\u00dfen &#8221;, erkl\u00e4rt Mario Garc\u00eda. <\/p>\n<p> F\u00fcr unsere St\u00e4dte, unsere Umwelt, beg\u00fcnstigt nicht nur in unserer Fraktion, sondern auch f\u00fcr die Gesellschaft im Allgemeinen, die Person, die im Rollstuhl, der junge Mann, die gebrochen hat geht, seine Beine und Gips, die Frau, die mit einem Stuhl f\u00fcr das Baby geht zug\u00e4nglich machen oder die \u00e4ltere Person hat Mobilit\u00e4t Schwierigkeiten &#8221;der Pr\u00e4sident der Entit\u00e4t hinzugef\u00fcgt. <\/p>\n<p>Die Spanisch-Bund von Menschen mit Behinderung und organischen (COCEMFE) ist eine nichtstaatliche gemeinn\u00fctzige, die 1980 gegr\u00fcndet wurde. Es zielt darauf ab zu vereinigen, St\u00e4rkung und Koordinierung und Aktivit\u00e4ten von Personen zugunsten von Personen mit Behinderungen physikalische und organische, ihre Rechte zu verteidigen und ihre Lebensqualit\u00e4t zu verbessern. Das Unternehmen vereint mehr als 1.500 Organisationen regionale Konf\u00f6derationen, nationalen Einrichtungen und provinziellen Verb\u00e4nde, die wiederum unterschiedlichen lokalen Verb\u00e4nden gruppiert aufgeteilt. <\/p>\n<p><\/font><\/p>\n","protected":false},"excerpt":{"rendered":"<p>allgemeine Zug\u00e4nglichkeit, eine Herausforderung ausstehende. -am 3. Dezember ist Internationaler Tag gefeiert und europ\u00e4ischen von Menschen mit Behinderungen. -COCEMFE m\u00f6chte daran erinnern, dass Menschen mit Behinderungen noch Hindernisse f\u00fchren einen Leben-Standard durch das Fehlen der Zug\u00e4nglichkeit der St\u00e4dte. -allgemeine Zug\u00e4nglichkeit profitieren nicht nur unser Kollektiv wenn nicht, die es wirkt sich positiv in der gesamten [&hellip;]<\/p>\n","protected":false},"author":1,"featured_media":0,"comment_status":"close","ping_status":"open","sticky":false,"template":"","format":"standard","meta":{"footnotes":""},"categories":[3],"tags":[2019,2022,2021,2020],"class_list":["post-275","post","type-post","status-publish","format-standard","hentry","category-allgemeine","tag-arzneimittel-act","tag-bleibt","tag-herausforderung","tag-zugnglichkeit","et-doesnt-have-format-content","et_post_format-et-post-format-standard"],"_links":{"self":[{"href":"https:\/\/www.best-dentist-dentistry.com\/de\/wp-json\/wp\/v2\/posts\/275","targetHints":{"allow":["GET"]}}],"collection":[{"href":"https:\/\/www.best-dentist-dentistry.com\/de\/wp-json\/wp\/v2\/posts"}],"about":[{"href":"https:\/\/www.best-dentist-dentistry.com\/de\/wp-json\/wp\/v2\/types\/post"}],"author":[{"embeddable":true,"href":"https:\/\/www.best-dentist-dentistry.com\/de\/wp-json\/wp\/v2\/users\/1"}],"replies":[{"embeddable":true,"href":"https:\/\/www.best-dentist-dentistry.com\/de\/wp-json\/wp\/v2\/comments?post=275"}],"version-history":[{"count":0,"href":"https:\/\/www.best-dentist-dentistry.com\/de\/wp-json\/wp\/v2\/posts\/275\/revisions"}],"wp:attachment":[{"href":"https:\/\/www.best-dentist-dentistry.com\/de\/wp-json\/wp\/v2\/media?parent=275"}],"wp:term":[{"taxonomy":"category","embeddable":true,"href":"https:\/\/www.best-dentist-dentistry.com\/de\/wp-json\/wp\/v2\/categories?post=275"},{"taxonomy":"post_tag","embeddable":true,"href":"https:\/\/www.best-dentist-dentistry.com\/de\/wp-json\/wp\/v2\/tags?post=275"}],"curies":[{"name":"wp","href":"https:\/\/api.w.org\/{rel}","templated":true}]}}