{"id":27515,"date":"2012-11-29T03:02:08","date_gmt":"2012-11-29T03:02:08","guid":{"rendered":null},"modified":"-0001-11-30T00:00:00","modified_gmt":"-0001-11-30T00:00:00","slug":"mato-will-analyse-the-impact-of-health-care-reform-with-the-autonomies","status":"publish","type":"post","link":"https:\/\/www.best-dentist-dentistry.com\/de\/mato-will-analyse-the-impact-of-health-care-reform-with-the-autonomies\/27515","title":{"rendered":"mato will analyse the impact of health care reform with the autonomies"},"content":{"rendered":"<p class=\"first\"> Madrid, 29 Aug (EFE).-der Minister f\u00fcr Gesundheit, soziale Dienste und Geschlechter, Ana Mato, treffen sich heute mit Ratgeber in der Niederlassung der autonomen Gemeinschaften, in Valladolid, analysieren die Auswirkungen der Ma\u00dfnahmen Implementierungen begann mit Reform Gesundheit.<\/p>\n<p>also welche EfE Quellen im Ministerium f\u00fcr Gesundheit, soziale Dienste und Geschlechter, wer dieser Tagung hingewiesen, dass haben best\u00e4tigt haben &#8220;informell&#8221;, findet in Valladolid, wo der Minister von Pr\u00e4sident von Castilla y Le\u00f3n, Juan Vicente Herrera, empfangen werden die Treffen<\/p>\n","protected":false},"excerpt":{"rendered":"<p>Madrid, 29 Aug (EFE).-der Minister f\u00fcr Gesundheit, soziale Dienste und Geschlechter, Ana Mato, treffen sich heute mit Ratgeber in der Niederlassung der autonomen Gemeinschaften, in Valladolid, analysieren die Auswirkungen der Ma\u00dfnahmen Implementierungen begann mit Reform Gesundheit. also welche EfE Quellen im Ministerium f\u00fcr Gesundheit, soziale Dienste und Geschlechter, wer dieser Tagung hingewiesen, dass haben best\u00e4tigt [&hellip;]<\/p>\n","protected":false},"author":1,"featured_media":0,"comment_status":"close","ping_status":"open","sticky":false,"template":"","format":"standard","meta":{"footnotes":""},"categories":[3],"tags":[],"class_list":["post-27515","post","type-post","status-publish","format-standard","hentry","category-allgemeine","et-doesnt-have-format-content","et_post_format-et-post-format-standard"],"_links":{"self":[{"href":"https:\/\/www.best-dentist-dentistry.com\/de\/wp-json\/wp\/v2\/posts\/27515","targetHints":{"allow":["GET"]}}],"collection":[{"href":"https:\/\/www.best-dentist-dentistry.com\/de\/wp-json\/wp\/v2\/posts"}],"about":[{"href":"https:\/\/www.best-dentist-dentistry.com\/de\/wp-json\/wp\/v2\/types\/post"}],"author":[{"embeddable":true,"href":"https:\/\/www.best-dentist-dentistry.com\/de\/wp-json\/wp\/v2\/users\/1"}],"replies":[{"embeddable":true,"href":"https:\/\/www.best-dentist-dentistry.com\/de\/wp-json\/wp\/v2\/comments?post=27515"}],"version-history":[{"count":0,"href":"https:\/\/www.best-dentist-dentistry.com\/de\/wp-json\/wp\/v2\/posts\/27515\/revisions"}],"wp:attachment":[{"href":"https:\/\/www.best-dentist-dentistry.com\/de\/wp-json\/wp\/v2\/media?parent=27515"}],"wp:term":[{"taxonomy":"category","embeddable":true,"href":"https:\/\/www.best-dentist-dentistry.com\/de\/wp-json\/wp\/v2\/categories?post=27515"},{"taxonomy":"post_tag","embeddable":true,"href":"https:\/\/www.best-dentist-dentistry.com\/de\/wp-json\/wp\/v2\/tags?post=27515"}],"curies":[{"name":"wp","href":"https:\/\/api.w.org\/{rel}","templated":true}]}}