{"id":27561,"date":"2012-11-30T02:32:12","date_gmt":"2012-11-30T02:32:12","guid":{"rendered":null},"modified":"-0001-11-30T00:00:00","modified_gmt":"-0001-11-30T00:00:00","slug":"morales-backs-up-and-suspends-increase-in-working-hours-of-health-sector","status":"publish","type":"post","link":"https:\/\/www.best-dentist-dentistry.com\/de\/morales-backs-up-and-suspends-increase-in-working-hours-of-health-sector\/27561","title":{"rendered":"morales backs up and suspends increase in working hours of health sector"},"content":{"rendered":"<p class=\"first\"> La Paz, 4 kann (<span class=\"yshortcuts\" id=\"lw_1336178655_1\"> EFE<\/span>).-der Pr\u00e4sident von Bolivien, <span class=\"yshortcuts\" id=\"lw_1336178655_0\"> Evo Morales<\/span>, zogen sich heute in ihrer Entscheidung, sechs bis acht Stunden erh\u00f6hen die <span class=\"yshortcuts\" id=\"lw_1336178655_2\"> Arbeitszeit<\/span> von \u00c4rzten und Staat, Krankenh\u00e4user Arbeitnehmer belagert durch Proteste der Branche in den letzten sechs Wochen.<\/p>\n<p>in einer Erkl\u00e4rung, ohne dass Fragen aus der Presse und am Ende eines Tages der Proteste, der Gouverneur angek\u00fcndigt, dass &#8220;zur Aussetzung der Anwendungdes&#8221; des Dekrets, das erh\u00f6ht die zwei-Stunden-Arbeitstag der Sektoren in Konflikt und einberufen, eine &#8220;nationale&#8221;Gipfel f\u00fcr Juli analysieren wieder dieser Ma\u00dfnahme.<\/p>\n<p>&#8220;dieses Gipfels werden nicht nur zu diskutieren, ob sie 8 Arbeitsstunden (&#8230;) sind, auch die Gesundheit in Bolivien, Total \u00e4ndern werden&#8221; sagte Morales.<\/p>\n<p>die \u00c4rzte und medizinische Fachkr\u00e4fte sind seit dem 28. M\u00e4rz arbeitslos, bildeten sich mehrere Hungerstreik Streikposten und f\u00fchren t\u00e4glich Demonstrationen und Blockaden im ganzen Land das Dekret ablehnen, das Ihren Arbeitstag erh\u00f6ht. EFE<\/p>\n","protected":false},"excerpt":{"rendered":"<p>La Paz, 4 kann ( EFE).-der Pr\u00e4sident von Bolivien, Evo Morales, zogen sich heute in ihrer Entscheidung, sechs bis acht Stunden erh\u00f6hen die Arbeitszeit von \u00c4rzten und Staat, Krankenh\u00e4user Arbeitnehmer belagert durch Proteste der Branche in den letzten sechs Wochen. in einer Erkl\u00e4rung, ohne dass Fragen aus der Presse und am Ende eines Tages der [&hellip;]<\/p>\n","protected":false},"author":1,"featured_media":0,"comment_status":"close","ping_status":"open","sticky":false,"template":"","format":"standard","meta":{"footnotes":""},"categories":[3],"tags":[],"class_list":["post-27561","post","type-post","status-publish","format-standard","hentry","category-allgemeine","et-doesnt-have-format-content","et_post_format-et-post-format-standard"],"_links":{"self":[{"href":"https:\/\/www.best-dentist-dentistry.com\/de\/wp-json\/wp\/v2\/posts\/27561","targetHints":{"allow":["GET"]}}],"collection":[{"href":"https:\/\/www.best-dentist-dentistry.com\/de\/wp-json\/wp\/v2\/posts"}],"about":[{"href":"https:\/\/www.best-dentist-dentistry.com\/de\/wp-json\/wp\/v2\/types\/post"}],"author":[{"embeddable":true,"href":"https:\/\/www.best-dentist-dentistry.com\/de\/wp-json\/wp\/v2\/users\/1"}],"replies":[{"embeddable":true,"href":"https:\/\/www.best-dentist-dentistry.com\/de\/wp-json\/wp\/v2\/comments?post=27561"}],"version-history":[{"count":0,"href":"https:\/\/www.best-dentist-dentistry.com\/de\/wp-json\/wp\/v2\/posts\/27561\/revisions"}],"wp:attachment":[{"href":"https:\/\/www.best-dentist-dentistry.com\/de\/wp-json\/wp\/v2\/media?parent=27561"}],"wp:term":[{"taxonomy":"category","embeddable":true,"href":"https:\/\/www.best-dentist-dentistry.com\/de\/wp-json\/wp\/v2\/categories?post=27561"},{"taxonomy":"post_tag","embeddable":true,"href":"https:\/\/www.best-dentist-dentistry.com\/de\/wp-json\/wp\/v2\/tags?post=27561"}],"curies":[{"name":"wp","href":"https:\/\/api.w.org\/{rel}","templated":true}]}}