{"id":27573,"date":"2012-11-30T02:41:03","date_gmt":"2012-11-30T02:41:03","guid":{"rendered":null},"modified":"-0001-11-30T00:00:00","modified_gmt":"-0001-11-30T00:00:00","slug":"pilar-farjas-opens-friday-in-sigaenza-guadalajara-the-third-global-meeting-of-parliamentarians-of-health","status":"publish","type":"post","link":"https:\/\/www.best-dentist-dentistry.com\/de\/pilar-farjas-opens-friday-in-sigaenza-guadalajara-the-third-global-meeting-of-parliamentarians-of-health\/27573","title":{"rendered":"Pilar Farjas \u00f6ffnet Freitag in Sig\u00fcenza (Guadalajara) das dritte weltweite Treffen der Parlamentarier der Gesundheit"},"content":{"rendered":"<p class=\"first\"> GUADALAJARA, 13 (EUROPA dr\u00fccken)<\/p>\n<p>Sekretariat, allgemeine Gesundheit und Konsum, Pilar Farjas und dem Pr\u00e4sidenten des Gesundheit Kommission des Kongresses, Mario Mingo, er\u00f6ffnet am Freitag um Sig\u00fcenza (Guadalajara) das dritte globale Treffen der Parlamentarier der Gesundheit, in dem die Mitglieder der Kommissionen der Gesundheit der Kongress, Senat und autonome aller Baugruppen des Landes treffen um zu diskutieren aktuelle Themen und die neuesten Entwicklungen in Politik Gesundheit.<\/p>\n<p>Business Gruppe Gesundheit 2000, Redaktion Gesundheit und medizinische Fachzeitschrift, unter anderem Publikationen Editor diese Veranstaltung die l\u00e4uft bis Samstag, am 16 organisiert, wie in Anmerkung Presse.<\/p>\n<p>zur Er\u00f6ffnungszeremonie soll dabei auch der B\u00fcrgermeister von Sig\u00fcenza, Jos\u00e9 Manuel Latre; Prognose des Pr\u00e4sidenten Nationale Sanit\u00e4r, zusammenarbeitende Unternehmen von dieser Begegnung, Miguel Carrero; der Pr\u00e4sident der Gesundheit 2000, Jos\u00e9 Mar\u00eda Pino und der Pr\u00e4sident des Organisationskomitees und Politiker der Partido Popular, Jes\u00fas Aguirre.<\/p>\n<p>zu diesem dritten globalen Treffen der Parlamentarier der Gesundheit haben best\u00e4tigt, Zeiterfassung, zus\u00e4tzlich zu mehr als 50 Parlamentarier aus allen Teilen des Landes, der Minister f\u00fcr Gesundheit und soziale Angelegenheiten von Kastilien &#8211; La Mancha, Jos\u00e9 Ignacio Echaniz Berater der Gesundheit von Valencia, Luis Rosado; Direktor Imserso, C\u00e9sar Ant\u00f3n, und der Vorsitzende des Generalrats der offiziellen Colleges der Apotheker, Carmen Pena.<\/p>\n<p>unter den Parlamentariern best\u00e4tigt sind Conxita Tarruella, Sprecher de Convergencia I Uni\u00f3 in der Gesundheitskommission des Kongresses; Nerea Ant\u00eda, Sprecher der PNV im baskischen Land Gesundheit Kommission, Miguel Santalices, Sprecher der popul\u00e4ren Partei im Parlament von Galicien und Jos\u00e9 Manuel Freire, Sprecher der PSOE in der Kommission f\u00fcr Gesundheit von der Versammlung von Madrid.<\/p>\n<p>die Rolle des Rates interterritorialen zentralen Einkauf von Gesundheitsprodukten, pharmazeutische politische Entscheidungen und Optimierung von Ressourcen zwischen Gesundheit und private Gesundheit geh\u00f6ren zu den Themen w\u00e4hrend dieser zwei Tage in den Parador de Sig\u00fcenza diskutiert werden.<\/p>\n","protected":false},"excerpt":{"rendered":"<p>GUADALAJARA, 13 (EUROPA dr\u00fccken) Sekretariat, allgemeine Gesundheit und Konsum, Pilar Farjas und dem Pr\u00e4sidenten des Gesundheit Kommission des Kongresses, Mario Mingo, er\u00f6ffnet am Freitag um Sig\u00fcenza (Guadalajara) das dritte globale Treffen der Parlamentarier der Gesundheit, in dem die Mitglieder der Kommissionen der Gesundheit der Kongress, Senat und autonome aller Baugruppen des Landes treffen um zu [&hellip;]<\/p>\n","protected":false},"author":1,"featured_media":0,"comment_status":"close","ping_status":"open","sticky":false,"template":"","format":"standard","meta":{"footnotes":""},"categories":[3],"tags":[38044],"class_list":["post-27573","post","type-post","status-publish","format-standard","hentry","category-allgemeine","tag-microbiome","et-doesnt-have-format-content","et_post_format-et-post-format-standard"],"_links":{"self":[{"href":"https:\/\/www.best-dentist-dentistry.com\/de\/wp-json\/wp\/v2\/posts\/27573","targetHints":{"allow":["GET"]}}],"collection":[{"href":"https:\/\/www.best-dentist-dentistry.com\/de\/wp-json\/wp\/v2\/posts"}],"about":[{"href":"https:\/\/www.best-dentist-dentistry.com\/de\/wp-json\/wp\/v2\/types\/post"}],"author":[{"embeddable":true,"href":"https:\/\/www.best-dentist-dentistry.com\/de\/wp-json\/wp\/v2\/users\/1"}],"replies":[{"embeddable":true,"href":"https:\/\/www.best-dentist-dentistry.com\/de\/wp-json\/wp\/v2\/comments?post=27573"}],"version-history":[{"count":0,"href":"https:\/\/www.best-dentist-dentistry.com\/de\/wp-json\/wp\/v2\/posts\/27573\/revisions"}],"wp:attachment":[{"href":"https:\/\/www.best-dentist-dentistry.com\/de\/wp-json\/wp\/v2\/media?parent=27573"}],"wp:term":[{"taxonomy":"category","embeddable":true,"href":"https:\/\/www.best-dentist-dentistry.com\/de\/wp-json\/wp\/v2\/categories?post=27573"},{"taxonomy":"post_tag","embeddable":true,"href":"https:\/\/www.best-dentist-dentistry.com\/de\/wp-json\/wp\/v2\/tags?post=27573"}],"curies":[{"name":"wp","href":"https:\/\/api.w.org\/{rel}","templated":true}]}}