{"id":27606,"date":"2012-11-30T02:49:27","date_gmt":"2012-11-30T02:49:27","guid":{"rendered":null},"modified":"-0001-11-30T00:00:00","modified_gmt":"-0001-11-30T00:00:00","slug":"bolivia-indigenous-amazonian-people-do-not-accept-blackmail-of-the-government","status":"publish","type":"post","link":"https:\/\/www.best-dentist-dentistry.com\/de\/bolivia-indigenous-amazonian-people-do-not-accept-blackmail-of-the-government\/27606","title":{"rendered":"Bolivien: indigene Amazonas &#8220;Erpressung&#8221; der Regierung nicht akzeptieren"},"content":{"rendered":"<p class=\"first\"> Amazonas-Indianern protestieren in La Paz gegen ein Stra\u00dfenbauprojekt Schnitt w\u00fcrde durch ihr Hoheitsgebiet an diesem Samstag lehnte die Einladung zum Dialog von der Regierung als &#8220;Erpressung&#8221;, k\u00fcndigte seine F\u00fchrer auf die AFP.<\/p>\n<p>&#8220;Niemand wird den Dialog teilnehmen, weil wir nicht akzeptieren, dass wir erpresst werden,&#8221; sagte Bertha Bejarano, Pr\u00e4sident des Komitees zu Fu\u00df der indigenen mobilisiert.<\/p>\n<p>mit dieser Antwort, der Dialog zwischen Regierung und indigene Amazonas Punkt bleibt tot.<\/p>\n<p>der Minister des Vorsitzes, Juan Ram\u00f3n Quintana, die Indianer zum Dialog &#8220;unverz\u00fcglich&#8221;, sondern erweitern das Universum der Partner nicht nur die F\u00fchrer des Marsches und alle Beh\u00f6rden des indigenen Territoriums und Parque Nacional Isiboro Secure (TIPNIS) eingeladen hatte.<\/p>\n<p> &lt; p&gt; &#8220;Wir rufen ihnen zusammen sofort, aber in Anwesenheit der TIPNIS und die Pr\u00e4sidenten der 3 Pflanzen die Regierung ist bereit zum Dialog mit den F\u00fchrern, die das Gebiet und die legitimen und organische F\u00fchrer anerkannt f\u00fcr ihre regionalen K\u00f6rperschaften, bewohnen die 63 Corregidors&#8221; vermerkt die Sendschreiben geschickt zu den Indians.<\/p>\n<p>die Beh\u00f6rden haben bisher nur z\u00f6gerlich die Demonstranten, erhalten, die in der N\u00e4he der Plaza de Armas, uneheliche Protest da &#8211; nach der macht Executive &#8211; ihre F\u00fchrer unbekannt ihre Basen. gewesen w\u00e4re als eine Mahnwache gehalten<\/p>\n<p>die Amazonas indigenen Menschen, die einen Marsch in Richtung Frieden mehr als 60 Tage in Frage stellen, die sie vorwerfen inszenierte, in den Gespr\u00e4chen auf F\u00fchrer von der Regierung bezeichneten sowie Hirten nicht indigenen aufnehmen zu wollen.<\/p>\n<p> &lt; p&gt; Der Minister des Innern, Carlos Romero, zensiert die Leitung Mitglieder als gelten &#8220;Besitzer von TIPNIS, Besitzer der Entscheidungen ihrer Gemeinden&#8221; M\u00e4rz.<\/p>\n<p>die Regierung stimmte 45 Corregidors (Gebietsk\u00f6rperschaften) Parque Isiboro S\u00e9cure indigenen Territorien und f\u00f6rdern eine Konsultation \u00fcber den Bau der Stra\u00dfe im Amazonas, die abgelehnt wurde von der indigenen Gruppe entgegen der Road.<\/p>\n<p>Amazonas Indianer ruhen in einem behelfsm\u00e4\u00dfigen Universit\u00e4t Fitnessstudio am 28. Juni 2012 nach der Ankunft in La Paz, nach einem Spaziergang von zwei Monaten aus Protest entlang einer Stra\u00dfe von einem National Park gebaut werden.<\/p>\n","protected":false},"excerpt":{"rendered":"<p>Amazonas-Indianern protestieren in La Paz gegen ein Stra\u00dfenbauprojekt Schnitt w\u00fcrde durch ihr Hoheitsgebiet an diesem Samstag lehnte die Einladung zum Dialog von der Regierung als &#8220;Erpressung&#8221;, k\u00fcndigte seine F\u00fchrer auf die AFP. &#8220;Niemand wird den Dialog teilnehmen, weil wir nicht akzeptieren, dass wir erpresst werden,&#8221; sagte Bertha Bejarano, Pr\u00e4sident des Komitees zu Fu\u00df der indigenen [&hellip;]<\/p>\n","protected":false},"author":1,"featured_media":0,"comment_status":"close","ping_status":"open","sticky":false,"template":"","format":"standard","meta":{"footnotes":""},"categories":[3],"tags":[38055],"class_list":["post-27606","post","type-post","status-publish","format-standard","hentry","category-allgemeine","tag-trauben","et-doesnt-have-format-content","et_post_format-et-post-format-standard"],"_links":{"self":[{"href":"https:\/\/www.best-dentist-dentistry.com\/de\/wp-json\/wp\/v2\/posts\/27606","targetHints":{"allow":["GET"]}}],"collection":[{"href":"https:\/\/www.best-dentist-dentistry.com\/de\/wp-json\/wp\/v2\/posts"}],"about":[{"href":"https:\/\/www.best-dentist-dentistry.com\/de\/wp-json\/wp\/v2\/types\/post"}],"author":[{"embeddable":true,"href":"https:\/\/www.best-dentist-dentistry.com\/de\/wp-json\/wp\/v2\/users\/1"}],"replies":[{"embeddable":true,"href":"https:\/\/www.best-dentist-dentistry.com\/de\/wp-json\/wp\/v2\/comments?post=27606"}],"version-history":[{"count":0,"href":"https:\/\/www.best-dentist-dentistry.com\/de\/wp-json\/wp\/v2\/posts\/27606\/revisions"}],"wp:attachment":[{"href":"https:\/\/www.best-dentist-dentistry.com\/de\/wp-json\/wp\/v2\/media?parent=27606"}],"wp:term":[{"taxonomy":"category","embeddable":true,"href":"https:\/\/www.best-dentist-dentistry.com\/de\/wp-json\/wp\/v2\/categories?post=27606"},{"taxonomy":"post_tag","embeddable":true,"href":"https:\/\/www.best-dentist-dentistry.com\/de\/wp-json\/wp\/v2\/tags?post=27606"}],"curies":[{"name":"wp","href":"https:\/\/api.w.org\/{rel}","templated":true}]}}