{"id":27701,"date":"2012-12-01T02:39:05","date_gmt":"2012-12-01T02:39:05","guid":{"rendered":null},"modified":"-0001-11-30T00:00:00","modified_gmt":"-0001-11-30T00:00:00","slug":"nicaragua-studying-advance-delivery-of-memory-to-icj-case-with-costa-rica","status":"publish","type":"post","link":"https:\/\/www.best-dentist-dentistry.com\/de\/nicaragua-studying-advance-delivery-of-memory-to-icj-case-with-costa-rica\/27701","title":{"rendered":"Studium voraus Lieferung des Speichers an ICJ Fall mit Costa Rica Nicaragua"},"content":{"rendered":"<p class=\"first\"> Managua, 23. Mai (EFE).-die M\u00f6glichkeit der F\u00f6rderung der Lieferung seines Berichts vor dem internationalen Gerichtshof (IGH) Nachfrage gegen Costa Rica f\u00fcr angebliche Verletzung seiner Souver\u00e4nit\u00e4t, eingef\u00fchrte Nicaragua berichtet heute eine Quelle offizielle.<\/p>\n<p>der Vertreter der Nicaragua vor den IGH in den Haag, Carlos Arg\u00fcello, sagte heute den Journalisten, die &#8220;stark&#8221; bleibt, die Auseinandersetzung mit Costa Rica, Land, dem er vorwirft, umweltsch\u00e4dlicher R\u00edo San Juan mit dem Bau einer Stra\u00dfe.<\/p>\n<p>&#8220;Nicaragua hat in seinem Bericht zum Jahresende einreichen, (aber) im Studio haben siehe wie kann aufhellen Dinge. sehen wir da ehrlich gesagt die Sch\u00e4den, die Sie hier sehen, Nicaragua kann es nicht zulassen, dass so bleibt&#8221;, erkl\u00e4rt Arg\u00fcello.<\/p>\n<p>Managua beschwerte sich bei San Jose an das Tribunal in den Haag El Pasado 23 de Diciembre al Argumentar Que la Carretera Costarricense Causa Gr\u00e4ber Da\u00f1os Medioambientales al &#8220;Fr\u00e1gil Ecosistema&#8221; de el Fronterizo R\u00edo San Juan, de Soberan\u00eda Nicarag\u00fcense.<\/p>\n<p>Costa Rica ha Negado Que Su Carretera, 160 de Kil\u00f3metros y de Proceso de Construcci\u00f3n a la Margen Sur del R\u00edo San Juan, Afecte el Medio Ambiente.<\/p>\n<p>Arg\u00fcello, sin Embargo, Sostuvo Que &#8220;kein Se Necesita Ser Ingeniero Para Ver el Da\u00f1o y la Forma Descuidada de Que Est\u00e1 Manejando (Costa Rica) el Caso All\u00ed&#8221;.<\/p>\n<p>El Jurista Abord\u00f3 el Tema Luego de Rendir un Informe de Managua ein Los Diputados Nicarag\u00fcenses Sobre un Litigio Que Este Pa\u00eds Centroamericano Lleva Contra Kolumbien de la CIJ.<\/p>\n<p>La Presidenta de Costa Rica, Laura Chinchilla, Subray\u00f3 Este Mi\u00e9rcoles de Alemania, Donde Se Encuentra de Visita de Estado Dentro de Una Gira Por Varios Pa\u00edses Europeos, Que la Disputa territoriale Que Enfrenta a Su Pa\u00eds con Nicaragua keine Debe Afectar al Proceso de Integraci\u00f3n Centroamericano.<\/p>\n<p> < p&gt; Costa-Ricanischer Stra\u00dfeninfrastruktur hat wurde unterbrochen durch eine Reihe von Skandalen und Unregelm\u00e4\u00dfigkeiten in den letzten Wochen, unter ihnen, die ohne ein Niveau von Design, aufgebaut ist, wie heute in die Zeitung La Naci\u00f3n von Costa Rica. offenbart<\/p>\n<p>Stra\u00dfe auch h\u00e4lt streitenden nach Nicaragua und Costa Rica an der Central American Court of Justice (CCJ), auf Antrag des nicaraguanischen, Umweltschutz-Agenturen, aber unbekannten San Jose die Zust\u00e4ndigkeit dieser Regional Court.<\/p>\n<p>San Jos\u00e9 und Managua pflegen einen anderen Streit, vor dem IGH, der im Oktober 2010 Costa Rica Nicaragua zu beschuldigen teilnahmen mit Milit\u00e4r und Zivilisten eindringen und verursachen Umweltsch\u00e4den ein Feuchtgebiet-Grenze in der Karibik, in einem Gebiet, das beide L\u00e4nder als eigene Meinung.<\/p>\n<p>im M\u00e4rz 2011, der IGH bestellt der beiden L\u00e4nder Senden von Sicherheitspersonal, Wehr- oder Zivildienst, auf den Bereich im Streit zu unterlassen. EFE<\/p>\n","protected":false},"excerpt":{"rendered":"<p>Managua, 23. Mai (EFE).-die M\u00f6glichkeit der F\u00f6rderung der Lieferung seines Berichts vor dem internationalen Gerichtshof (IGH) Nachfrage gegen Costa Rica f\u00fcr angebliche Verletzung seiner Souver\u00e4nit\u00e4t, eingef\u00fchrte Nicaragua berichtet heute eine Quelle offizielle. der Vertreter der Nicaragua vor den IGH in den Haag, Carlos Arg\u00fcello, sagte heute den Journalisten, die &#8220;stark&#8221; bleibt, die Auseinandersetzung mit Costa [&hellip;]<\/p>\n","protected":false},"author":1,"featured_media":0,"comment_status":"close","ping_status":"open","sticky":false,"template":"","format":"standard","meta":{"footnotes":""},"categories":[3],"tags":[38131,38132],"class_list":["post-27701","post","type-post","status-publish","format-standard","hentry","category-allgemeine","tag-courttuo","tag-speichers","et-doesnt-have-format-content","et_post_format-et-post-format-standard"],"_links":{"self":[{"href":"https:\/\/www.best-dentist-dentistry.com\/de\/wp-json\/wp\/v2\/posts\/27701","targetHints":{"allow":["GET"]}}],"collection":[{"href":"https:\/\/www.best-dentist-dentistry.com\/de\/wp-json\/wp\/v2\/posts"}],"about":[{"href":"https:\/\/www.best-dentist-dentistry.com\/de\/wp-json\/wp\/v2\/types\/post"}],"author":[{"embeddable":true,"href":"https:\/\/www.best-dentist-dentistry.com\/de\/wp-json\/wp\/v2\/users\/1"}],"replies":[{"embeddable":true,"href":"https:\/\/www.best-dentist-dentistry.com\/de\/wp-json\/wp\/v2\/comments?post=27701"}],"version-history":[{"count":0,"href":"https:\/\/www.best-dentist-dentistry.com\/de\/wp-json\/wp\/v2\/posts\/27701\/revisions"}],"wp:attachment":[{"href":"https:\/\/www.best-dentist-dentistry.com\/de\/wp-json\/wp\/v2\/media?parent=27701"}],"wp:term":[{"taxonomy":"category","embeddable":true,"href":"https:\/\/www.best-dentist-dentistry.com\/de\/wp-json\/wp\/v2\/categories?post=27701"},{"taxonomy":"post_tag","embeddable":true,"href":"https:\/\/www.best-dentist-dentistry.com\/de\/wp-json\/wp\/v2\/tags?post=27701"}],"curies":[{"name":"wp","href":"https:\/\/api.w.org\/{rel}","templated":true}]}}