{"id":27712,"date":"2012-12-01T02:48:34","date_gmt":"2012-12-01T02:48:34","guid":{"rendered":null},"modified":"-0001-11-30T00:00:00","modified_gmt":"-0001-11-30T00:00:00","slug":"lula-is-hospitalized-for-withdrawal-of-the-catheter-had-been-introduced-to-him","status":"publish","type":"post","link":"https:\/\/www.best-dentist-dentistry.com\/de\/lula-is-hospitalized-for-withdrawal-of-the-catheter-had-been-introduced-to-him\/27712","title":{"rendered":"Lula ist nach R\u00fccknahme des Katheters war, zu ihm eingef\u00fchrt worden ins Krankenhaus eingeliefert"},"content":{"rendered":"<p class=\"first\"> <span class=\"yshortcuts\" id=\"lw_1339631538_2\"> S\u00e3o Paulo<\/span>, 13 Juni (<span class=\"yshortcuts\" id=\"lw_1339631538_0\"> EFE<\/span>).-ehemalige brasilianische Pr\u00e4sident <span class=\"yshortcuts\" id=\"lw_1339631538_1\"> Luiz In\u00e1cio Lula<\/span> da Silva wurde heute um die Entfernung von einem Katheter zu unterziehen, die w\u00e4hrend seiner Behandlung f\u00fcr Krebs des Kehlkopfes implantiert wurde, die ein Jahr fr\u00fcher. diagnostiziert wurde daraufhin<\/p>\n<p>Sirio libanesischen Krankenhaus von Sao Paulo, Referenzzentrum in Lateinamerika f\u00fcr Krebstherapien, sagte in einer Erkl\u00e4rung, die die &#8220;Verfahren war bereits auf der Tagesordnung des Patienten&#8221; und, dass Lula bald durch eine neue Gesundheits geht check Routine.<\/p>\n<p>Morgen, wie er die Klinik, Lula erkl\u00e4rt &#8220;zu einem R\u00fcckzug der Katheter implantiert, die f\u00fcr die Behandlung mit Chemotherapie und Strahlentherapie unterzogen werden durch das \u00fcbergeben&#8221;.<\/p>\n<p> < p&gt; Der brasilianischen Exgobernante, 66 Jahre, die unterbrochen sein \u00f6ffentliches Leben Behandlung zu unterziehen, f\u00fcr Krebs des Kehlkopfes, die im Oktober letzten Jahres diagnostiziert wurde allm\u00e4hlich auf ihre T\u00e4tigkeit in den letzten Wochen.<\/p>\n<p>die vergangenen M\u00e4rz 28 \u00c4rzte des Krankenhauses Tumor angek\u00fcndigt, drei Zoll, die die Exmandatario vollst\u00e4ndig verschwunden war. EFE<\/p>\n","protected":false},"excerpt":{"rendered":"<p>S\u00e3o Paulo, 13 Juni ( EFE).-ehemalige brasilianische Pr\u00e4sident Luiz In\u00e1cio Lula da Silva wurde heute um die Entfernung von einem Katheter zu unterziehen, die w\u00e4hrend seiner Behandlung f\u00fcr Krebs des Kehlkopfes implantiert wurde, die ein Jahr fr\u00fcher. diagnostiziert wurde daraufhin Sirio libanesischen Krankenhaus von Sao Paulo, Referenzzentrum in Lateinamerika f\u00fcr Krebstherapien, sagte in einer Erkl\u00e4rung, [&hellip;]<\/p>\n","protected":false},"author":1,"featured_media":0,"comment_status":"close","ping_status":"open","sticky":false,"template":"","format":"standard","meta":{"footnotes":""},"categories":[3],"tags":[],"class_list":["post-27712","post","type-post","status-publish","format-standard","hentry","category-allgemeine","et-doesnt-have-format-content","et_post_format-et-post-format-standard"],"_links":{"self":[{"href":"https:\/\/www.best-dentist-dentistry.com\/de\/wp-json\/wp\/v2\/posts\/27712","targetHints":{"allow":["GET"]}}],"collection":[{"href":"https:\/\/www.best-dentist-dentistry.com\/de\/wp-json\/wp\/v2\/posts"}],"about":[{"href":"https:\/\/www.best-dentist-dentistry.com\/de\/wp-json\/wp\/v2\/types\/post"}],"author":[{"embeddable":true,"href":"https:\/\/www.best-dentist-dentistry.com\/de\/wp-json\/wp\/v2\/users\/1"}],"replies":[{"embeddable":true,"href":"https:\/\/www.best-dentist-dentistry.com\/de\/wp-json\/wp\/v2\/comments?post=27712"}],"version-history":[{"count":0,"href":"https:\/\/www.best-dentist-dentistry.com\/de\/wp-json\/wp\/v2\/posts\/27712\/revisions"}],"wp:attachment":[{"href":"https:\/\/www.best-dentist-dentistry.com\/de\/wp-json\/wp\/v2\/media?parent=27712"}],"wp:term":[{"taxonomy":"category","embeddable":true,"href":"https:\/\/www.best-dentist-dentistry.com\/de\/wp-json\/wp\/v2\/categories?post=27712"},{"taxonomy":"post_tag","embeddable":true,"href":"https:\/\/www.best-dentist-dentistry.com\/de\/wp-json\/wp\/v2\/tags?post=27712"}],"curies":[{"name":"wp","href":"https:\/\/api.w.org\/{rel}","templated":true}]}}