{"id":27727,"date":"2012-12-01T02:50:07","date_gmt":"2012-12-01T02:50:07","guid":{"rendered":null},"modified":"-0001-11-30T00:00:00","modified_gmt":"-0001-11-30T00:00:00","slug":"the-right-to-the-land-and-the-culture-turns-on-the-indigenous-village-of-the-rio-20","status":"publish","type":"post","link":"https:\/\/www.best-dentist-dentistry.com\/de\/the-right-to-the-land-and-the-culture-turns-on-the-indigenous-village-of-the-rio-20\/27727","title":{"rendered":"Aktiviert die das Recht auf das Land und die Kultur der indigenen Dorf von Rio + 20"},"content":{"rendered":"<p>&#8220;<\/p>\n<p class=\"first\"> Manuel P\u00e9rez Bella<\/p>\n<p>15 jun (EFE) in Rio De Janeiro.-das Recht auf land und in Bezug auf Kultur Caldean Diskussionen der indigenen V\u00f6lker in der halben Welt versammelten sich am Rande von <span class=\"yshortcuts\"id=\"lw_1339745660_1\"> Rio De Janeiro<\/span> um die Aufmerksamkeit der Herrscher w\u00e4hrend der Vereinten Nationen f\u00fcr nachhaltige Entwicklung Rio + 20 Konferenz.<\/p>\n<p>Indianer, aus mehreren L\u00e4ndern Amerikas, Asiens und Afrikas werden gehostet von Dienstag um ein Dorf gebaut, selbst in einer Dschungel-Region von Rio, wo ihre Assemblys gehalten und diskutiert ein Dokument mit Forderungen, die bei den Vereinten Nationen in den kommenden Tagen. geliefert wird<\/p>\n<p>brasilianischen indigenen F\u00fchrer Marcos Terena erkl\u00e4rt, dass das Dokument noch in der Diskussion, einen&#8221;besonderen&#8221;Agenda der \u00fcblich, alle Forderungen der Ureinwohner, sondern befasst sich haupts\u00e4chlich mit dem Recht auf dem Gebiet und seine kulturelle Bedeutung.<\/p>\n<p>&#8220;&#8221;&#8221;Wo der indigenen Kultur beendet einfach die Erde landlosen entfernen indischen nicht \u00fcberleben&#8221;, synthetisiert Terena in Anweisungen zu Efe.<\/p>\n<p>Francisco Guaran\u00ed Mbya Guarani Chief Efe, die Streitigkeiten \u00fcber Land erz\u00e4hlt haben mindestens 70 Morde der Indianer in den letzten Jahren an der Grenze zwischen Brasilien und Paraguay, eine bl\u00fchende landwirtschaftliche Region wo Landbesitzer &rsquo; Besitzer f\u00fchlen&rsquo; verursacht Bereiche der eingeborenen V\u00f6lker.<\/p>\n<p>&#8221; einen Prozess der Morde dort sehr gewaltt\u00e4tig. landwirtschaftlichen Betrieb ist sehr stark, dann Konflikte auftreten st\u00e4ndig &#8220;, beklagte die Guarani f\u00fchrend.<\/p>\n<p>Chief Pataxo ha ha ha Thyerry Iatso, Bahia (Brasilien), Nordosten, erkl\u00e4rte Efe, dass Indianer nicht interessiert den wirtschaftlichen Wert der landwirtschaftlichen Fl\u00e4chen und wollen nur seinen Lebensunterhalt.<\/p>\n<p>&#8220;&#8221;Indianer haben die Erde als Muttererde, es geht nicht um Hegemonie haben noch eine gro\u00dfe Hauptstadt. die Bedeutung der Erde ist, zu leben, ist die Erhaltung der Umwelt, halten es sauber, haben gute Wasserqualit\u00e4t der Fl\u00fcsse Kraftwerk Auflistung und entfernen daher die Existenz unseres Volkes&#8221;, sagte.<\/p>\n<p>einige Indianer zeigte in ihrem ersten Treffen in Rio, ihren Widerstand gegen die so genannte &#8220;gr\u00fcne Wirtschaft&#8221;, einer der die Themenstellungen der Rio + 20, aus Angst, dass dies zu einer &#8220;Privatisierung des Waldes&#8221; f\u00fchren w\u00fcrde.<\/p>\n<p>die Indianer auch fordern Schutz vor mineralgewinnenden Aktivit\u00e4ten, die V\u00f6lker der Regionen sehr unterschiedlich sind, aus dem Amazonas in den Philippinen. bedrohen<\/p>\n<p>Indien Igorot Marifel Macalanda erz\u00e4hlte Efe, die V\u00f6lker der philippinischen Kordilleren Region mit der Aktion der Bergleute leiden, der Betrieb in ihren Regionen &#8220;alle Ressourcen f\u00fcr die Indianer, alles ohne Einnahme&#8221; in Projekten, die in der Regel ohne vorherige Konsultationen genehmigt werden.<\/p>\n<p>Diskussionen der Indianer werden bis zum Wochenende, wenn sich eine Delegation zu Riocentro Convention Center, Sitz der Rio + 20 zu kommunizieren, ihre Forderungen innerhalb weniger Tage organisiert von den Vereinten Nationen vor den Gipfel der Staats-, von den 20 stattfindenden Dialog bewegt weiter bis 22 th.<\/p>\n<p>Assemblys finden statt in der so genannten &#8220;H\u00fctte der Weisheit&#8221;, ein gro\u00dfes Zelt Plane und Bambus mit konisch, Struktur befindet sich in der Mitte des Dorfes Kari-Oca, wo in diesen Tagen Hunderte von Indianern liegen.<\/p>\n<p>Dorf, das eine Fl\u00e4che von Urwald in einer bergigen Region etwa f\u00fcnf Kilometer von der Rio + 20 Kongresszentrum einnimmt, ist ein Schaufenster der Vielfalt und der Reichtum der indigenen Kulturen geworden.<\/p>\n<p>von Parallel zu den Debatten, die Indianer traf eine intensive Agenda der traditionelle Sportarten, kulturelle Aktivit\u00e4ten und spirituellen.<\/p>\n<p>die meisten Indianer lagerten in Rio sind Brasilianisch, aber die Organisatoren erwarten, dass andere V\u00f6lker der Nachbarl\u00e4nder, die vor Probleme Logistik. EFE bis 22. Tag ankommen<\/p>\n<p>mp\/Joc\/Alf<\/p>\n","protected":false},"excerpt":{"rendered":"<p>&#8220; Manuel P\u00e9rez Bella 15 jun (EFE) in Rio De Janeiro.-das Recht auf land und in Bezug auf Kultur Caldean Diskussionen der indigenen V\u00f6lker in der halben Welt versammelten sich am Rande von Rio De Janeiro um die Aufmerksamkeit der Herrscher w\u00e4hrend der Vereinten Nationen f\u00fcr nachhaltige Entwicklung Rio + 20 Konferenz. Indianer, aus mehreren [&hellip;]<\/p>\n","protected":false},"author":1,"featured_media":0,"comment_status":"close","ping_status":"open","sticky":false,"template":"","format":"standard","meta":{"footnotes":""},"categories":[3],"tags":[38142],"class_list":["post-27727","post","type-post","status-publish","format-standard","hentry","category-allgemeine","tag-etrag","et-doesnt-have-format-content","et_post_format-et-post-format-standard"],"_links":{"self":[{"href":"https:\/\/www.best-dentist-dentistry.com\/de\/wp-json\/wp\/v2\/posts\/27727","targetHints":{"allow":["GET"]}}],"collection":[{"href":"https:\/\/www.best-dentist-dentistry.com\/de\/wp-json\/wp\/v2\/posts"}],"about":[{"href":"https:\/\/www.best-dentist-dentistry.com\/de\/wp-json\/wp\/v2\/types\/post"}],"author":[{"embeddable":true,"href":"https:\/\/www.best-dentist-dentistry.com\/de\/wp-json\/wp\/v2\/users\/1"}],"replies":[{"embeddable":true,"href":"https:\/\/www.best-dentist-dentistry.com\/de\/wp-json\/wp\/v2\/comments?post=27727"}],"version-history":[{"count":0,"href":"https:\/\/www.best-dentist-dentistry.com\/de\/wp-json\/wp\/v2\/posts\/27727\/revisions"}],"wp:attachment":[{"href":"https:\/\/www.best-dentist-dentistry.com\/de\/wp-json\/wp\/v2\/media?parent=27727"}],"wp:term":[{"taxonomy":"category","embeddable":true,"href":"https:\/\/www.best-dentist-dentistry.com\/de\/wp-json\/wp\/v2\/categories?post=27727"},{"taxonomy":"post_tag","embeddable":true,"href":"https:\/\/www.best-dentist-dentistry.com\/de\/wp-json\/wp\/v2\/tags?post=27727"}],"curies":[{"name":"wp","href":"https:\/\/api.w.org\/{rel}","templated":true}]}}