{"id":27851,"date":"2012-12-02T03:12:24","date_gmt":"2012-12-02T03:12:24","guid":{"rendered":null},"modified":"-0001-11-30T00:00:00","modified_gmt":"-0001-11-30T00:00:00","slug":"press-release-media-should-avoid-associate-mental-illness-with-crime","status":"publish","type":"post","link":"https:\/\/www.best-dentist-dentistry.com\/de\/press-release-media-should-avoid-associate-mental-illness-with-crime\/27851","title":{"rendered":"press release media should avoid associate mental illness with crime"},"content":{"rendered":"<p>&#8220;<\/p>\n<p class=\"first\"> ich Jornadas Stigmatisierung von Menschen mit psychischen Erkrankungen und Mittel der Kommunikation.<\/p>\n<p>-&#8220;eine lobende Worte in der Presse gegen\u00fcber unser Kollektiv produziert eine Freude, die Sie selbst mir nicht vorstellen k\u00f6nnen,&#8221;Francisca Foz, Board of Trustees der Fundaci\u00f3n Manantial.<\/p>\n<p>-verantwortlich f\u00fcr die Medien im Allgemeinen mit Halter gelb bleiben, weil es mehr verkauft&#8221;, Mar\u00eda Jos\u00e9 \u00c1lvarez, Herausgeber des ABC.<\/p>\n<p>-Tag bef\u00f6rdert die Sozialf\u00fcrsorge Netzwerk- und Bewegung Erfahrungen des Kampfes gegen Stigmatisierung assoziative.<\/p>\n<p>Madrid, Okt. 11, 2012-Kriminalit\u00e4t und psychische Erkrankungen ist eine gef\u00e4hrliche Kombination, die in vielen F\u00e4llen in den Medien zum Ausdruck kommt. Daher aus dem Sozialministerium der Gemeinschaft von Madrid, Regional Office of Mental Health (Servicio Madrile\u00f1o de Salud), Lain Entralgo Agentur und Manantial Stiftung veranstaltete die erste Ausgabe der Konferenz \u00fcber die Stigmatisierung und Medien am 10. Oktober zeitgleich mit der geistigen Welt stattfand Gesundheit Tag.<\/p>\n<p>Guillermo Petersen, Koordinator vom Office of Mental Health, zusammen mit Abelardo Rodr\u00edguez, technischer Koordinator des \u00f6ffentlichen Netzes der sozialen Aufmerksamkeit der Gemeinschaft von Madrid, Sozialministerium wurden beauftragt, den Inhalt der Runden Tische einreichen, die stattfanden, w\u00e4hrend dem Tag.<\/p>\n<p>nicht assoziierte Erkrankungen mit Gewalt.<\/p>\n<p>einer von ihnen war \u00fcber Medien und die Stigmatisierung von Menschen mit psychischen Erkrankungen. F\u00fcr Francisca Foz, Mitglied der Psychiatrie Association und des Lebens und Mitglied der Board des Kuratorium der Fundaci\u00f3n Manantial &#8220;vor der Berichterstattung, die Medien sollten \u00fcberpr\u00fcfen, ob eine Person mit psychischen Erkrankungen ist nicht Synonym des Angreifers&#8221;. &#8220;ist geeignet, in welchem Umfang analysieren, dass Krankheit die Begehung der Straftat beeinflusst hat, und wenn es nicht bequem, ihm in den Nachrichten nicht zu sagen ist&#8221;.<\/p>\n<p>in vielen F\u00e4llen &#8220;eine lobende Worte auf unsere kollektive produziert eine Freude, die nicht einmal vorstellen kann&#8221; sorgt f\u00fcr Francisca Foz im Gespr\u00e4ch mit den Anwesenden auf der Tag in diesem Zusammenhang Foz best\u00e4tigt, dass es schwieriger ein Vorurteil, als ein Atom ist &#8220;brechen&#8221; und erinnerte daran, dass die Medien Verb\u00fcndete sind, das Stigma &#8220;L\u00f6schen&#8221; Journalisten im psychischen Krankheit vorhanden ist.<\/p>\n<p>Inhaber sensationsl\u00fcsternen.<\/p>\n<p>Journalist von ABC, Mar\u00eda Jose Alvarez, sagte diese Pr\u00e4mie in den Medien in letzter Zeit sind die Ereignisse. &#8220;die Medien sind ein Spiegelbild der Gesellschaft und das Thema von psychischen Erkrankungen ist immer noch ein Tabu in der Gesellschaft&#8221; erkl\u00e4rt Alvarez. Furthermore, f\u00fcgte er hinzu, dass bei vielen Gelegenheiten haben die eigenen Manager oder Editoren K\u00f6pfe, die mit Halter Sensationslust oder Boulevardzeitung zu bleiben, da es mehr verkauft.<\/p>\n<p>dieses online Luc\u00eda P\u00e9rez, Herausgeber der Nachricht von Telemadrid, r\u00e4umte ein, dass die Journalisten machen viele Fehler aber gleichzeitig bestrebt sein, Realit\u00e4ten zu zeigen, den Menschen unbekannt. daher seiner Meinung nach, Fernsehen eine lange vermittelt die Idee, dass jemand eine psychische Erkrankung haben kann. zwar betont auch die Schwierigkeit, zu sagen, alles in 50 Sekunden.<\/p>\n<p>f\u00fcr seinen Teil, Luis Miguel Belda Agentur SERVIMEDIA gefragt, wenn es erforderlich, bestimmte k\u00f6rperliche Merkmale informieren zu erkl\u00e4ren und bef\u00fcrwortete subtrahieren die Daten im Text der Nachricht auch wenn es nicht, in den Halter markiert ist.<\/p>\n<p>Spezialisierung und schnell.<\/p>\n<p>Tabelle von Journalisten auch Vertreter der Bewegung an assoziativen nahm. f\u00fcr Teresa O\u00f1ate, stellvertretende Vorsitzende der F\u00f6deration Madrile\u00f1a Vereine Pro Gesundheit psychische (FEMASAM) eines der Probleme bei der Behandlung von psychischen Erkrankungen in den Medien ist, dass es keine Spezialisierung. &#8220;Alles ist so schnell, dass manchmal Dinge verzerrt werden&#8221;, kommentiert. auch dar\u00fcber beschwert, dass mehrfach die Medien Gef\u00fchle zu verkaufen verwendet.<\/p>\n<p>, Guadalupe Morales, der bipolaren Welt-Stiftung, die Schnelligkeit, mit denen gibt es daf\u00fcr alle Marke Informationen im Fernsehen, die unterst\u00fctzt eine Sternwarte am Stigma in den Medien zum Analysieren der Informationen.<\/p>\n<p>die Antiestigma-Kampagnen brauchen Geld.<\/p>\n<p>sagte Professor der Psychologie-Fakult\u00e4t der Universit\u00e4t Complutense Madrid, Manuel Mu\u00f1oz, Ma\u00dfnahmen zur Verringerung der Stigmatisierung in Kommunikationsmittel genannten Initiativen in Australien und den Vereinigten Staaten, wo die stigmatisierende Informationen kann am Ende in den Gerichten. aber zur gleichen Zeit, erkannte, dass jeder Kampagne dieser Art brauchen wirtschaftliche Finanzierung.<\/p>\n<p>bei der Er\u00f6ffnung der Konferenz wurden von Vertretern der Ministerien f\u00fcr Soziales und Gesundheit der Gemeinschaft von Madrid, FEAMSAM sowie der Pr\u00e4sident der Fundaci\u00f3n Manantial, Francisco Sardina, wer entschied sich f\u00fcr die Berichterstattung \u00fcber Geisteskrankheit besucht &#8220;, dass keine Person mit psychischen St\u00f6rung au\u00dferhalb der Gesundheitsnetzwerk gelassen &rsquo;.<\/p>\n<p>w\u00e4hrend am Nachmittag wurden von der Sozialf\u00fcrsorge-Netzwerk und die assoziative Bewegung Erfahrungen f\u00fcr den Kampf gegen das Stigma. u.a., durchgef\u00fchrt Radio Erfahrungen von Menschen mit psychischen Erkrankungen und andere Initiativen gef\u00f6rdert von Verb\u00e4nden wie AMAFE, neues Leben oder Fundaci\u00f3n Manantial.<\/p>\n<p>Fundaci\u00f3n Manantial.<\/p>\n<p>Manantial Foundation ist eine Non-Profit-Organisation, gegr\u00fcndet 1995, de ISBN estatal, erkl\u00e4rten Zweck wohl durch das Ministerium f\u00fcr Arbeit und Soziales. unter seinen Zwecken sind die Vormundschaft von Menschen mit schweren psychischen St\u00f6rungen (TMG), die Umsetzung im Gange und Ressourcenmanagement der sozialen F\u00fcrsorge f\u00fcr Menschen mit TMG des Ministeriums f\u00fcr soziale Angelegenheiten der Gemeinschaft von Madrid, die F\u00f6rderung der Programme und Aktionen in der Gef\u00e4ngnis-Umwelt und der Schaffung von Arbeitspl\u00e4tzen f\u00fcr diese Menschen.<\/p>\n<p> &lt; p&GT; EMITTENT: FUNDACI\u00d3N MANANTIAL. <\/p>\n","protected":false},"excerpt":{"rendered":"<p>&#8220; ich Jornadas Stigmatisierung von Menschen mit psychischen Erkrankungen und Mittel der Kommunikation. -&#8220;eine lobende Worte in der Presse gegen\u00fcber unser Kollektiv produziert eine Freude, die Sie selbst mir nicht vorstellen k\u00f6nnen,&#8221;Francisca Foz, Board of Trustees der Fundaci\u00f3n Manantial. -verantwortlich f\u00fcr die Medien im Allgemeinen mit Halter gelb bleiben, weil es mehr verkauft&#8221;, Mar\u00eda Jos\u00e9 [&hellip;]<\/p>\n","protected":false},"author":1,"featured_media":0,"comment_status":"close","ping_status":"open","sticky":false,"template":"","format":"standard","meta":{"footnotes":""},"categories":[3],"tags":[38251],"class_list":["post-27851","post","type-post","status-publish","format-standard","hentry","category-allgemeine","tag-meere","et-doesnt-have-format-content","et_post_format-et-post-format-standard"],"_links":{"self":[{"href":"https:\/\/www.best-dentist-dentistry.com\/de\/wp-json\/wp\/v2\/posts\/27851","targetHints":{"allow":["GET"]}}],"collection":[{"href":"https:\/\/www.best-dentist-dentistry.com\/de\/wp-json\/wp\/v2\/posts"}],"about":[{"href":"https:\/\/www.best-dentist-dentistry.com\/de\/wp-json\/wp\/v2\/types\/post"}],"author":[{"embeddable":true,"href":"https:\/\/www.best-dentist-dentistry.com\/de\/wp-json\/wp\/v2\/users\/1"}],"replies":[{"embeddable":true,"href":"https:\/\/www.best-dentist-dentistry.com\/de\/wp-json\/wp\/v2\/comments?post=27851"}],"version-history":[{"count":0,"href":"https:\/\/www.best-dentist-dentistry.com\/de\/wp-json\/wp\/v2\/posts\/27851\/revisions"}],"wp:attachment":[{"href":"https:\/\/www.best-dentist-dentistry.com\/de\/wp-json\/wp\/v2\/media?parent=27851"}],"wp:term":[{"taxonomy":"category","embeddable":true,"href":"https:\/\/www.best-dentist-dentistry.com\/de\/wp-json\/wp\/v2\/categories?post=27851"},{"taxonomy":"post_tag","embeddable":true,"href":"https:\/\/www.best-dentist-dentistry.com\/de\/wp-json\/wp\/v2\/tags?post=27851"}],"curies":[{"name":"wp","href":"https:\/\/api.w.org\/{rel}","templated":true}]}}