{"id":28016,"date":"2012-12-03T03:29:53","date_gmt":"2012-12-03T03:29:53","guid":{"rendered":null},"modified":"-0001-11-30T00:00:00","modified_gmt":"-0001-11-30T00:00:00","slug":"the-department-of-the-bank-and-the-fibromyalgia-association-addressed-the-latest-therapeutic-developments","status":"publish","type":"post","link":"https:\/\/www.best-dentist-dentistry.com\/de\/the-department-of-the-bank-and-the-fibromyalgia-association-addressed-the-latest-therapeutic-developments\/28016","title":{"rendered":"Die Abteilung der Bank und der Fibromyalgie Vereinigung behandelt die neuesten therapeutischen Entwicklungen."},"content":{"rendered":"<p><strong>Abteilung der Bank und der Fibromyalgie Vereinigung behandelt die neuesten therapeutischen. <\/p>\n<p><font size=\"2\"> der Generaldirektor Aufmerksamkeit f\u00fcr den Patienten er\u00f6ffnet, zusammen mit dem B\u00fcrgermeister von Alzira, Konferenz der Fibromyalgie VIII.<\/font><\/strong><font size=\"2\"> <\/p>\n<p>-Diskutiert seine Behandlung chronischer Schmerzen, die Vergr\u00f6\u00dferung und das Gef\u00fchl der Hilflosigkeit, bevor die Krankheit <\/p>\n<p>-Affekten rund 80.000 Valencianer, 80 % davon sind Frauen; in der Comarca La Ribera sch\u00e4tzungsweise 2.500 betroffen <\/p>\n<p>, <strong>Alzira, Dezember 2012.-<\/strong> der Fakult\u00e4t f\u00fcr Gesundheit von der Bank und der Associaci\u00f3 d &#8217; Afectats de Fibromyalgia La Ribera (Adafir)statt der Konferenz VIII der Fibromyalgie De La Ribera, die die neuesten Entwicklungen auf therapeutischer Ebene in Bezug auf diese Krankheit zu behandeln. <\/p>\n<p>Der Generaldirektor der Bewertung und Qualit\u00e4t der Versorgung f\u00fcr den Patienten von der Conselleria de Sanitat, Ignacio Ferrer, hat den Tag neben dem B\u00fcrgermeister von Alzira, Elena Bastidas eingeweiht; Gesundheitswesen, \u00e4rztlicher Leiter der Abteilung Gesundheit der Bank, Jos\u00e9 Emilio Llopis; der Pr\u00e4sident der Gesellschaft der Familie und der Gemeinschaft (SVMFyC), Carlos Fluix\u00e1, Medizin und Pr\u00e4sident des Adafir, M\u00aa Carmen Oliver Valencia. <\/p>\n<p><\/font><\/p>\n<p align=\"center\"><font   size=\"2\"><img loading=\"lazy\" decoding=\"async\" title=\"\" height=\"300\" alt=\"\" src=\"http:\/\/www.best-dentist-dentistry.com\/best-dentist-images\/translateapiexception-ip-is-over-the-quota-id3811v2jsontranslate5307011c.JPG\" width=\"450\" align=\"baseline\" border=\"0\"\/><\/font><\/p>\n<p><font   size=\"2\">Se trata de un encuentro anual que, desde el a&ntilde;o 2005, re&uacute;ne en Alzira a profesionales sanitarios, estudiantes y pacientes vinculados a esta enfermedad. In dieser Ausgabe, die am 21. und 22. November, chronische Schmerzen, stattfand die Kulturgeschichte und die Behandlung durch Konferenzen und Gespr\u00e4chsrunden angesprochen wurden, dar\u00fcber hinaus wurden Workshops durchgef\u00fchrt. <\/p>\n<p>Der Generaldirektor hervorgehoben, die  die Fibromyalgie betreffen immer mehr Menschen. Derzeit um etwa 80.000 Valencianer, von denen 80 % Frauen sind &#8221;. In die Region La Ribera ist sch\u00e4tzungsweise 2.500 betroffen von dieser Krankheit. <\/p>\n<p>In diesem Zusammenhang hat der Generaldirektor von bef\u00fcrwortete  umfassende Betreuung f\u00fcr Patienten mit Fibromyalgie, da sie ben\u00f6tigen ein Follow-up im gesamten Prozess und in die Reise fortgesetzt betroffen sein, durch k\u00f6rperliche, psychische und soziale Aspekte. Daher sind wir verpflichtet richtige Pflege Koordination, gute therapeutische Ergebnisse zu erzielen &#8221;. <\/p>\n<p>VIII Konferenz der Fibromyalgie beeinflu\u00dft haben diesen Aspekt, mit besonderem Schwerpunkt auf die Koexistenz von Patienten mit Schmerzen  aber nicht mit dem Leid &#8221;, wie Dr. Jos\u00e9 Emilio Llopis, betonte der sagte, dass  ist wichtig um anzuweisen, den Patienten zu vermeiden und psychologische Faktoren als das Wiederk\u00e4uen (denken Sie kontinuierlich bei Krankheit) ablehnen, die Vergr\u00f6\u00dferung (denken Sie, dass der Grad der Krankheit jedes h\u00f6her als der Rest des betroffenen ist) und das Gef\u00fchl der Hilflosigkeit (denken, dass die Krankheit keine L\u00f6sung hat) als die beste Strategie zur Bew\u00e4ltigung der Krankheit &#8221;. <\/p>\n<p><\/font><\/p>\n<p align=\"center\"><font size=\"2\"><em><img loading=\"lazy\" decoding=\"async\" title=\"\" height=\"300\" alt=\"\" src=\"http:\/\/www.best-dentist-dentistry.com\/best-dentist-images\/translateapiexception-ip-is-over-the-quota-id3811v2jsontranslate5307011c.JPG\" width=\"450\" align=\"baseline\" border=\"0\"\/><\/p>\n<p>De izquierda a derecha: Carlos Fluix&aacute;, Ignacio Ferrer, Elena Bastidas, Jos&eacute; Emilio Llopis y M\u00aa Carmen Oliver.<\/em> <\/font><\/p>\n<p><font size=\"2\"> Ignacio Ferrer hat dar\u00fcber hinaus die Arbeit von den Verb\u00e4nden, als ADAFIR, die Solidarit\u00e4t und uneigenn\u00fctziger Weise verkn\u00fcpft konstituierende Gruppen von Selbsthilfe und gegenseitige Hilfe zur Minderung der Auswirkungen, die bestimmte Krankheiten auf Menschen leiden sie so weit wie m\u00f6glich zu haben, und eine erg\u00e4nzende Ma\u00dfnahmen zu den \u00f6ffentlichen Dienstleistungen bereitzustellen, die zur Verf\u00fcgung gestellt betont. <\/p>\n<p><strong>La Ribera, Referenz bei Fibromyalgie<\/strong> <\/p>\n<p>Auf der anderen Seite, betonte Dr. Llopis  die enorme Harmonie, die zwischen der Leitung der Abteilung Gesundheit der Bank und den Verb\u00e4nden der Fibromyalgie der Comarca, die in dieser Konferenz, die achte Auflage materialisiert die begann im Jahr 2005 &#8221;. <\/p>\n<p>Vor allem die Abteilung von La Ribera hat eine besondere Aufmerksamkeit f\u00fcr die Patienten mit Fibromyalgie und ist ein  Verweis bei der Bildung von verschiedenen Fachleuten in diesem Thema, sowohl innerhalb als auch au\u00dferhalb unseres Aktionsradius &#8221;, Dr. Llopis hingewiesen. <\/p>\n<p><strong>Fibromyalgie<\/strong> <\/p>\n<p>Die Fibromyalgie ist ein chronisches Syndrom, eine komplexe und Variable, Evolution, die weit verbreitete Schmerzen, immer, manchmal behindernde. Es betrifft die biologischen, psychologischen und sozialen Bereiche des Patienten und ist ein wichtiges Gesundheitsproblem durch seine Pr\u00e4valenz, Morbidit\u00e4t, hohe Rate der Anwesenheit der Arztbesuche und der hohe Verbrauch von Ressourcen im Gesundheitswesen. <\/p>\n<p><\/font><\/p>\n","protected":false},"excerpt":{"rendered":"<p>Abteilung der Bank und der Fibromyalgie Vereinigung behandelt die neuesten therapeutischen. der Generaldirektor Aufmerksamkeit f\u00fcr den Patienten er\u00f6ffnet, zusammen mit dem B\u00fcrgermeister von Alzira, Konferenz der Fibromyalgie VIII. -Diskutiert seine Behandlung chronischer Schmerzen, die Vergr\u00f6\u00dferung und das Gef\u00fchl der Hilflosigkeit, bevor die Krankheit -Affekten rund 80.000 Valencianer, 80 % davon sind Frauen; in der Comarca [&hellip;]<\/p>\n","protected":false},"author":1,"featured_media":0,"comment_status":"close","ping_status":"open","sticky":false,"template":"","format":"standard","meta":{"footnotes":""},"categories":[3],"tags":[38421,38422],"class_list":["post-28016","post","type-post","status-publish","format-standard","hentry","category-allgemeine","tag-beschftigung","tag-entwicklungen","et-doesnt-have-format-content","et_post_format-et-post-format-standard"],"_links":{"self":[{"href":"https:\/\/www.best-dentist-dentistry.com\/de\/wp-json\/wp\/v2\/posts\/28016","targetHints":{"allow":["GET"]}}],"collection":[{"href":"https:\/\/www.best-dentist-dentistry.com\/de\/wp-json\/wp\/v2\/posts"}],"about":[{"href":"https:\/\/www.best-dentist-dentistry.com\/de\/wp-json\/wp\/v2\/types\/post"}],"author":[{"embeddable":true,"href":"https:\/\/www.best-dentist-dentistry.com\/de\/wp-json\/wp\/v2\/users\/1"}],"replies":[{"embeddable":true,"href":"https:\/\/www.best-dentist-dentistry.com\/de\/wp-json\/wp\/v2\/comments?post=28016"}],"version-history":[{"count":0,"href":"https:\/\/www.best-dentist-dentistry.com\/de\/wp-json\/wp\/v2\/posts\/28016\/revisions"}],"wp:attachment":[{"href":"https:\/\/www.best-dentist-dentistry.com\/de\/wp-json\/wp\/v2\/media?parent=28016"}],"wp:term":[{"taxonomy":"category","embeddable":true,"href":"https:\/\/www.best-dentist-dentistry.com\/de\/wp-json\/wp\/v2\/categories?post=28016"},{"taxonomy":"post_tag","embeddable":true,"href":"https:\/\/www.best-dentist-dentistry.com\/de\/wp-json\/wp\/v2\/tags?post=28016"}],"curies":[{"name":"wp","href":"https:\/\/api.w.org\/{rel}","templated":true}]}}