{"id":28038,"date":"2012-12-04T02:25:17","date_gmt":"2012-12-04T02:25:17","guid":{"rendered":null},"modified":"-0001-11-30T00:00:00","modified_gmt":"-0001-11-30T00:00:00","slug":"argentina-will-preside-for-two-years-the-latin-american-conference-of-the-fao","status":"publish","type":"post","link":"https:\/\/www.best-dentist-dentistry.com\/de\/argentina-will-preside-for-two-years-the-latin-american-conference-of-the-fao\/28038","title":{"rendered":"argentina will preside for two years the latin american conference of the fao"},"content":{"rendered":"<p>&#8220;<\/p>\n<p class=\"first\"> Buenos Aires, 30 M\u00e4r (EFE).-Argentinien wird in den n\u00e4chsten zwei Jahren Vorsitz der Regionalkonferenz f\u00fcr Lateinamerika und die Karibik der UN-Organisation f\u00fcr Landwirtschaft und Ern\u00e4hrung Organisation (FAO), die heute best\u00e4tigt, dass Efe Quellen der Organisation.<\/p>\n<p>die Wahl zum Vorsitzenden der Regionalkonferenz Argentiniens wurde bekannt gegeben, von dem Generaldirektor der FAO, Jose Graziano Da Silva, im Rahmen einer Sitzung der Landwirtschaft Minister von Lateinamerika und der Karibik, die heute in Buenos Aires schlie\u00dft.<\/p>\n<p>treffen, an denen da am vergangenen Montag Vertreter der 32 L\u00e4nder in der Region, Adressen die wichtigsten Herausforderungen der internationalen Speisen und landwirtschaftlichen Agenda und Priorit\u00e4ten zu setzen, die weiterhin an FAO in den n\u00e4chsten zwei Jahren soll.<\/p>\n<p>&#8220;Wir wissen, dass die Ern\u00e4hrungssicherheit h\u00e4ngt von Ma\u00dfnahmen im Bereich des sozialen, wirtschaftlichen und produktiven, und wir wissen auch, die politisches Engagement nicht eingebunden nur der Regierung, sondern eine ganze Gesellschaft, &#8220;sagte dieser Donnerstag Graziano da Silva.<\/p>\n<p>Direktor der FAO betont die&#8221;Notwendigkeit globalen Nahrungsmittelproduktion um 70 Prozent auf eine Bev\u00f6lkerung zu ern\u00e4hren, die 9 Milliarden Menschen im Jahr 2050 erreichen wird&#8221;.<\/p>\n<p>Die Initiative Lateinamerika und der Karibik ohne Hunger, Brasilien und Guatemala im Bereich der FAO, 2005 getrieben ist eine geplante vor 2025 Tor, wie er erinnerte Graziano da Silva. EFE<\/p>\n","protected":false},"excerpt":{"rendered":"<p>&#8220; Buenos Aires, 30 M\u00e4r (EFE).-Argentinien wird in den n\u00e4chsten zwei Jahren Vorsitz der Regionalkonferenz f\u00fcr Lateinamerika und die Karibik der UN-Organisation f\u00fcr Landwirtschaft und Ern\u00e4hrung Organisation (FAO), die heute best\u00e4tigt, dass Efe Quellen der Organisation. die Wahl zum Vorsitzenden der Regionalkonferenz Argentiniens wurde bekannt gegeben, von dem Generaldirektor der FAO, Jose Graziano Da Silva, [&hellip;]<\/p>\n","protected":false},"author":1,"featured_media":0,"comment_status":"close","ping_status":"open","sticky":false,"template":"","format":"standard","meta":{"footnotes":""},"categories":[3],"tags":[],"class_list":["post-28038","post","type-post","status-publish","format-standard","hentry","category-allgemeine","et-doesnt-have-format-content","et_post_format-et-post-format-standard"],"_links":{"self":[{"href":"https:\/\/www.best-dentist-dentistry.com\/de\/wp-json\/wp\/v2\/posts\/28038","targetHints":{"allow":["GET"]}}],"collection":[{"href":"https:\/\/www.best-dentist-dentistry.com\/de\/wp-json\/wp\/v2\/posts"}],"about":[{"href":"https:\/\/www.best-dentist-dentistry.com\/de\/wp-json\/wp\/v2\/types\/post"}],"author":[{"embeddable":true,"href":"https:\/\/www.best-dentist-dentistry.com\/de\/wp-json\/wp\/v2\/users\/1"}],"replies":[{"embeddable":true,"href":"https:\/\/www.best-dentist-dentistry.com\/de\/wp-json\/wp\/v2\/comments?post=28038"}],"version-history":[{"count":0,"href":"https:\/\/www.best-dentist-dentistry.com\/de\/wp-json\/wp\/v2\/posts\/28038\/revisions"}],"wp:attachment":[{"href":"https:\/\/www.best-dentist-dentistry.com\/de\/wp-json\/wp\/v2\/media?parent=28038"}],"wp:term":[{"taxonomy":"category","embeddable":true,"href":"https:\/\/www.best-dentist-dentistry.com\/de\/wp-json\/wp\/v2\/categories?post=28038"},{"taxonomy":"post_tag","embeddable":true,"href":"https:\/\/www.best-dentist-dentistry.com\/de\/wp-json\/wp\/v2\/tags?post=28038"}],"curies":[{"name":"wp","href":"https:\/\/api.w.org\/{rel}","templated":true}]}}