{"id":28070,"date":"2012-12-04T02:30:41","date_gmt":"2012-12-04T02:30:41","guid":{"rendered":null},"modified":"-0001-11-30T00:00:00","modified_gmt":"-0001-11-30T00:00:00","slug":"wfp-urges-latin-america-governments-contribute-more-funds-to-combat-hunger","status":"publish","type":"post","link":"https:\/\/www.best-dentist-dentistry.com\/de\/wfp-urges-latin-america-governments-contribute-more-funds-to-combat-hunger\/28070","title":{"rendered":"wfp urges latin america governments contribute more funds to combat hunger"},"content":{"rendered":"<p class=\"first\"> Managua, 13 Abr (EFE).-El Direktor regionaler Para Am\u00e9rica Latina y el Caribe del Programa Mundial de Alimentos (PMA) de Las Naciones Unidas, Gemmo Lodesani, Urgi\u00f3 Hoy ein Los Gobiernos De La Regi\u00f3n Aportar M\u00e1s Fondos Para Combatir el Hambre, Flagelo Que Afecta ein 53 Millones de Personas, de Las Que 9 Millones Sohn Menores de Edad.<\/p>\n<p>&#8220;El Problema wichtigsten Que Heu de Este Momento es Que Los Fondos Que Tenemos kein Sohn ascenseurs Para Hacer el Trabajo Como lo Quisi\u00e9ramos Hacer&#8221;, Se\u00f1al\u00f3 de Una Rueda de Prensa de Managua el Direktor regionale del PMA.<\/p>\n<p>Seg\u00fan el Italiano Lodesani, Am\u00e9rica Latina y el Caribe es Una de Las Regiones con B\u00fcrgermeister Desigualdad En el Mundo y Todav\u00eda Tiene &#8220;Muchas Brechas&#8221; Por Cerrar de Temas de Hambre.<\/p>\n<p>Detall\u00f3 Que de Todo el Mundo Existen un poco M\u00e1s de 900 Millones de Personas con Hambre, de Las Que 53 Millones Est\u00e1n En Am\u00e9rica Latina y el Caribe, Incluyendo a 9 Los Millones Menores de Edad.<\/p>\n<p>Lodesani, Quien Desde Agosto Pasado es Direktor regionale del PMA, ein Los Gobiernos Tener M\u00e1s &#8220;Voluntad Pol\u00edtica&#8221; Combatir el Hambre Abs. Pidi\u00f3<\/p>\n<p>&#8220;Sin Voluntad Pol\u00edtica kein Se Hace Nada&#8221; y &#8220;lo Efectivo es Hacer la Inversi\u00f3n&#8221; Contra ese Mal, Insisti\u00f3.<\/p>\n<p>El Funcionario, Quien Visita Por Primera Vez Nicaragua, Pidi\u00f3 a Am\u00e9rica Latina y el Caribe &#8220;Transformar las Pol\u00edticas de Leyes, Porque (As\u00ed) Se da Continuidad y Sostenibilidad&#8221; al Combate del Hambre.<\/p>\n<p>Tanto Lodesani Como el Representante del PMA de Nicaragua, Helmut Rauch, Reconocieron de el Gobierno Nicarag\u00fcense &#8220;un Liderazgo Muy Fuerte&#8221; de el Combate a la Desnutrici\u00f3n.<\/p>\n<p>Rauch Indic\u00f3 Que de Nicaragua el 19 % De La Poblaci\u00f3n Sufre Hambre, Aproximadamente un Mill\u00f3n de Personas, Pero Que En 1990 ese Problema Afectaba al 50 % de Los Habitantes.<\/p>\n<p>Nicaragua &#8220;es Uno de Los Pocos Pa\u00edses del Mundo Que ha Cumplido con Los Objetivos del Desarrollo del Milenio&#8221;, Subray\u00f3.<\/p>\n<p>Alert\u00f3However, that this Central American country cannot &#8220;be content&#8221;, because small producers, which supply 80% of the products to the entire population, are those who suffer most &#8220;extreme poverty and malnutrition&#8221;.<\/p>\n<p>criticized, for example, that Nicaragua has a &#8220;mechanized culture&#8221; for its main export, without &#8220;touching the food safety internal&#8221; of the country.<\/p>\n<p>addition, mentioned that WFP is &#8220;very conscious&#8221; and &#8220;attentive&#8221; of the conditions that children have in Nicaragua producers to access titles of property.<\/p>\n<p>&#8220;the agricultural country will be transformed into a country that produces better, eat better and better feeds&#8221; if those small agricultural producers have property titles and promotes cooperatives, scored Rauch.<\/p>\n<p>on the other hand, both officials agreed that high prices of products represent &#8220;an opportunity&#8221; for Latin American farmers.<\/p>\n<p>the Regionaldirektor f\u00fcr Lateinamerika und die Karibik der Programm-Welt des Essens von UN, Gemmo Lodesani, forderte, dass die Regierungen der Region mehr Mittel f\u00fcr den Kampf gegen Hunger, Gei\u00dfel beitragen, das 53 Millionen Menschen, von denen 9 Millionen j\u00fcnger sind. EFE<\/p>\n","protected":false},"excerpt":{"rendered":"<p>Managua, 13 Abr (EFE).-El Direktor regionaler Para Am\u00e9rica Latina y el Caribe del Programa Mundial de Alimentos (PMA) de Las Naciones Unidas, Gemmo Lodesani, Urgi\u00f3 Hoy ein Los Gobiernos De La Regi\u00f3n Aportar M\u00e1s Fondos Para Combatir el Hambre, Flagelo Que Afecta ein 53 Millones de Personas, de Las Que 9 Millones Sohn Menores de [&hellip;]<\/p>\n","protected":false},"author":1,"featured_media":0,"comment_status":"close","ping_status":"open","sticky":false,"template":"","format":"standard","meta":{"footnotes":""},"categories":[3],"tags":[],"class_list":["post-28070","post","type-post","status-publish","format-standard","hentry","category-allgemeine","et-doesnt-have-format-content","et_post_format-et-post-format-standard"],"_links":{"self":[{"href":"https:\/\/www.best-dentist-dentistry.com\/de\/wp-json\/wp\/v2\/posts\/28070","targetHints":{"allow":["GET"]}}],"collection":[{"href":"https:\/\/www.best-dentist-dentistry.com\/de\/wp-json\/wp\/v2\/posts"}],"about":[{"href":"https:\/\/www.best-dentist-dentistry.com\/de\/wp-json\/wp\/v2\/types\/post"}],"author":[{"embeddable":true,"href":"https:\/\/www.best-dentist-dentistry.com\/de\/wp-json\/wp\/v2\/users\/1"}],"replies":[{"embeddable":true,"href":"https:\/\/www.best-dentist-dentistry.com\/de\/wp-json\/wp\/v2\/comments?post=28070"}],"version-history":[{"count":0,"href":"https:\/\/www.best-dentist-dentistry.com\/de\/wp-json\/wp\/v2\/posts\/28070\/revisions"}],"wp:attachment":[{"href":"https:\/\/www.best-dentist-dentistry.com\/de\/wp-json\/wp\/v2\/media?parent=28070"}],"wp:term":[{"taxonomy":"category","embeddable":true,"href":"https:\/\/www.best-dentist-dentistry.com\/de\/wp-json\/wp\/v2\/categories?post=28070"},{"taxonomy":"post_tag","embeddable":true,"href":"https:\/\/www.best-dentist-dentistry.com\/de\/wp-json\/wp\/v2\/tags?post=28070"}],"curies":[{"name":"wp","href":"https:\/\/api.w.org\/{rel}","templated":true}]}}