{"id":28146,"date":"2012-12-04T03:12:39","date_gmt":"2012-12-04T03:12:39","guid":{"rendered":null},"modified":"-0001-11-30T00:00:00","modified_gmt":"-0001-11-30T00:00:00","slug":"pp-criticizes-forcing-seniors-bilbao-la-vieja-to-move-to-a-new-outpatient","status":"publish","type":"post","link":"https:\/\/www.best-dentist-dentistry.com\/de\/pp-criticizes-forcing-seniors-bilbao-la-vieja-to-move-to-a-new-outpatient\/28146","title":{"rendered":"PP kritisiert zwingen Senioren Bilbao la Vieja in eine neue ambulante verschieben"},"content":{"rendered":"<p class=\"first\"> BILBAO, 21 (EUROPA PRESS)<\/p>\n<p>the people&rsquo;s Party of Bilbao has criticized it forcing patients older than the streets of Concepci\u00f3n, Zabala and nearby to move to the new health centre opened in plaza Saralegi to &#8220;lighten the load of patients in the ambulatory of the Merced&#8221;.<\/p>\n<p>as reported by people&rsquo;s training, the councilman and representative in the Bureau of rehabilitation of Bilbao la Vieja, \u00d3scar Fern\u00e1ndez Monroy, has lamented that the Basque Government and the Ministry of health have &#8220;forced a relocation of doctors and patients in the ambulatory of the thanks Saralegi causing serious problems to older patients&#8221;.<\/p>\n<p>&#8220;are talking about elderly, are visitors over to the doctor, and that they have seen one overnight how already not tended them in the ambulatory of a lifetime and how had to move to a new Centre further away from the neighborhoods of San Francisco and Zabala&#8221;, has denounced.<\/p>\n<p>Fernandez Monroy glaubt, die verantwortlich f\u00fcr die baskische Regierung im Bereich der Gesundheit mit &#8220;schlechte Planung&#8221; gehandelt haben, weil sie &#8220;nur auf eine Quote von Patienten und Zone-Kriterien&#8221; worden sind. in diesem Sinne hat betont, dass es gibt Unruhe unter den Nachbarn, weil sie mit der Ver\u00e4nderung verloren haben.<\/p>\n<p>au\u00dferdem Pr\u00e4sident der Ort PP und Sprecher des Parlaments, Ant\u00f3n Damborenea, hat angek\u00fcndigt, das Engagement der Volkspartei, die autonome Exekutive \u00fcber Fragen \u00fcber &#8220;das Vorurteil f\u00fcr die Einwohner von Bilbao la Vieja durch gewaltsame \u00dcbertragung des Patienten verursacht und suchen eine L\u00f6sung f\u00fcr die betroffenen&#8221; parlamentarischen.<\/p>\n","protected":false},"excerpt":{"rendered":"<p>BILBAO, 21 (EUROPA PRESS) the people&rsquo;s Party of Bilbao has criticized it forcing patients older than the streets of Concepci\u00f3n, Zabala and nearby to move to the new health centre opened in plaza Saralegi to &#8220;lighten the load of patients in the ambulatory of the Merced&#8221;. as reported by people&rsquo;s training, the councilman and representative [&hellip;]<\/p>\n","protected":false},"author":1,"featured_media":0,"comment_status":"close","ping_status":"open","sticky":false,"template":"","format":"standard","meta":{"footnotes":""},"categories":[3],"tags":[38546,38547],"class_list":["post-28146","post","type-post","status-publish","format-standard","hentry","category-allgemeine","tag-iu-verdes","tag-vieja","et-doesnt-have-format-content","et_post_format-et-post-format-standard"],"_links":{"self":[{"href":"https:\/\/www.best-dentist-dentistry.com\/de\/wp-json\/wp\/v2\/posts\/28146","targetHints":{"allow":["GET"]}}],"collection":[{"href":"https:\/\/www.best-dentist-dentistry.com\/de\/wp-json\/wp\/v2\/posts"}],"about":[{"href":"https:\/\/www.best-dentist-dentistry.com\/de\/wp-json\/wp\/v2\/types\/post"}],"author":[{"embeddable":true,"href":"https:\/\/www.best-dentist-dentistry.com\/de\/wp-json\/wp\/v2\/users\/1"}],"replies":[{"embeddable":true,"href":"https:\/\/www.best-dentist-dentistry.com\/de\/wp-json\/wp\/v2\/comments?post=28146"}],"version-history":[{"count":0,"href":"https:\/\/www.best-dentist-dentistry.com\/de\/wp-json\/wp\/v2\/posts\/28146\/revisions"}],"wp:attachment":[{"href":"https:\/\/www.best-dentist-dentistry.com\/de\/wp-json\/wp\/v2\/media?parent=28146"}],"wp:term":[{"taxonomy":"category","embeddable":true,"href":"https:\/\/www.best-dentist-dentistry.com\/de\/wp-json\/wp\/v2\/categories?post=28146"},{"taxonomy":"post_tag","embeddable":true,"href":"https:\/\/www.best-dentist-dentistry.com\/de\/wp-json\/wp\/v2\/tags?post=28146"}],"curies":[{"name":"wp","href":"https:\/\/api.w.org\/{rel}","templated":true}]}}