{"id":28190,"date":"2012-12-04T03:32:47","date_gmt":"2012-12-04T03:32:47","guid":{"rendered":null},"modified":"-0001-11-30T00:00:00","modified_gmt":"-0001-11-30T00:00:00","slug":"mir-submitted-hundreds-of-complaints-to-work-and-agree-a-closure-in-college-of-physicians-in-seville","status":"publish","type":"post","link":"https:\/\/www.best-dentist-dentistry.com\/de\/mir-submitted-hundreds-of-complaints-to-work-and-agree-a-closure-in-college-of-physicians-in-seville\/28190","title":{"rendered":"mir submitted hundreds of complaints to work and agree a closure in college of physicians in seville"},"content":{"rendered":"<p class=\"first\"> Sevilla, 23 (EUROPA PRESS)<\/p>\n<p>. der Sprecher der Koordinator von Andalusien aus Vertretern der Spezialisten internen Einwohner (CAREIR), Manuel Zurbar\u00e1n, k\u00fcndigte die Einreichung in verschiedenen Provinzen mehr als 100 Beschwerden \u00fcber die Arbeitsaufsicht zur Deckung seiner Abwesenheiten in den unbefristeten Streik die gepflegt seit diesem Montag mit medizinischen Anlagen und durch &#8220;Druck&#8221;, die Gesundheitsverwaltung &#8220;um den Streik aufzugeben&#8221; leiden kommt.<\/p>\n<p>auf diese Leistung, haben sie jetzt eine Schlie\u00dfung w\u00e4hrend des Wochenendes an der Hochschule der \u00c4rzte Sevillas ans\u00e4ssigen gefunden in dieser Provinz, und diejenigen, die anderen beitreten m\u00f6chten angeschlossen.<\/p>\n<p>Zurbaran billigte die Entscheidung in der Versammlung hielt am Morgen des Freitags schlie\u00dfen sich beschlossen Europa-Presse College of physicians, after keep for more than three hours (from 14.00 hours up to 5: 00 hours) a meeting with heads of the SAS to try to reach an agreement in the conflict.<\/p>\n<p>content of this meeting, the also member of the Board of Directors of the platform of residents Alberto Amador has regretted the attitude of the managers of the SAS, &#8220;since it can be summarized in that if we abandon our strike sit down to negotiate with us&#8221;, told Europa Press.<\/p>\n<p>from the platform have complained so that, after several days of fighting, they have given different versions, &#8220;some very skewed&#8221;, about have thus remembered reasons for their protests. that resident internal specialists (pharmacists, physicists, chemists, psychologists, biologists, nurses and doctors) &#8220;we are university graduates that we accede to a square of training specialized through an opposition at the national level&#8221;.<\/p>\n<p> &lt; p&gt; In any case, they have said, &#8220;this square is in property, but it has a maximum duration of five years, then moving on to the general labour market&#8221;.<\/p>\n<p>after admitting that they are aware of that live a difficult time &#8220;due to the economic crisis so deep that ourselves and that we must work together in reverse it&#8221;, the output should not be &#8220;coast-to-coast nor of quality of care or for the dignity of professionals engaged in health, which we believe should be unique, universal and free&#8221;.<\/p>\n<p>have reminded the specialized medical training is a public good &#8220;and more when to carry it out are used up to 200,000 euros for mainly resource specialist public,&#8221; and that after 11 years of training (undergraduate and MIR) process, &#8220;with established employment policies are being committed to unemployment, emigration or private health care&#8221;.<\/p>\n<p> < p\"&gt;\"Unsere Ausbildung hat in den letzten Monaten unter anderem verschlechtert worden, auf Kosten der Schnitte an unsere Betreuer, die uns Lehren ihrer Zeit zu widmen, beraten uns und begleiten uns bei unserer t\u00e4glichen Arbeit\", weiter durch ein Dokument gesendet, um die Medien, die bedauert, dass\"wir gezwungen wurden, \u00fcberm\u00e4\u00dfige Pflege Belastung Schnitt von 25 Prozent der Arbeitszeit Gef\u00e4hrten nehmen und m\u00fcssen \u00fcbernehmen Verantwortung, die unser Niveau der Ausbildung bei weitem aufwiegen\".<\/p>\n<p>hinzuf\u00fcgen, dass, wie jeder Arbeitnehmer, der \u00d6ffentlichkeit,&#8221;Wir haben gelitten Lohnk\u00fcrzungen auf unserer Gehaltsliste, wir haben f\u00fcr die Anspr\u00fcche, die nicht gestartet&#8221;. in Bezug auf die Verl\u00e4ngerung der Arbeitszeit auf 37,5 Stunden pro Woche,&#8221;soweit, wir nicht gegen sind&#8221;, zu kritisieren, dass die Beschwerde wird durch&#8221;die Steuer Art und Weise, die wir&#8221;motiviert geworden.<\/p>\n<p>&#8220;Kein Se Nos Permite de ningun Caso Ampliar la Jornada laboral, Sino Que Directamente Se Nos Han Descontado 10 Horas de Nuestra Jornada Complementaria. Lo, \u00c9stas Aparecen Como kein Cotizadas de la N\u00f3mina a Pesar de Haberlas Trabajado &#8220;, Han Denunciado.<\/p>\n<p>Tambi\u00e9n Han Denunciado Que,&#8221;En ningun Caso&#8221;, el Tiempo Que Dedican a Su Formaci\u00f3n Se Les ha Tenido de Cuenta a La Hora de Aplicar Este Exceso de Jornada,&#8221; Como Se ha Venido Realizando de Otras Comunidades Como Madrid &#8220;.<\/p>\n<p>Lo, Han Insistido de el Hecho de Que Tras Dos Reuniones Formales con Directivos del SAS Previo al Inicio De La Huelga, Los Dirigente Pol\u00edticos&#8221; keine Han Respondido Nuestras Llamadas ni Se Han Puesto de Contacto Con Nosotros de Manera formale de Los Primeros Cuatro D\u00edas de Huelga (Desde el Lunes y Hasta Este Pasado Jueves), Pese a Que Hemos Podido Leer Reiteradamente de la Prensa las Declaraciones de Los Dirigentes Pol\u00edticos de las Cuales Se Muestran Abiertos al Di\u00e1logo y la Negociaci\u00f3n &#8220;.<\/p>\n<p>Lohaben darauf bestanden, dass nach zwei formelle Treffen mit politischen Direktoren der SAS vor Beginn des Streiks, der F\u00fchrer, &#8220;sie haben nicht auf unsere Forderungen reagiert, noch wurden Kontakt mit uns auf eine formelle Weise in den ersten vier Tagen des Streiks (ab Montag und bis zum letzten Donnerstag), trotz der Tatsache, dass wir lesen immer wieder in die Presseerkl\u00e4rungen der politischen F\u00fchrer, die offen f\u00fcr den Dialog zeigt und Verhandlungen &rsquo;.<\/p>\n","protected":false},"excerpt":{"rendered":"<p>Sevilla, 23 (EUROPA PRESS) . der Sprecher der Koordinator von Andalusien aus Vertretern der Spezialisten internen Einwohner (CAREIR), Manuel Zurbar\u00e1n, k\u00fcndigte die Einreichung in verschiedenen Provinzen mehr als 100 Beschwerden \u00fcber die Arbeitsaufsicht zur Deckung seiner Abwesenheiten in den unbefristeten Streik die gepflegt seit diesem Montag mit medizinischen Anlagen und durch &#8220;Druck&#8221;, die Gesundheitsverwaltung &#8220;um [&hellip;]<\/p>\n","protected":false},"author":1,"featured_media":0,"comment_status":"close","ping_status":"open","sticky":false,"template":"","format":"standard","meta":{"footnotes":""},"categories":[3],"tags":[38591],"class_list":["post-28190","post","type-post","status-publish","format-standard","hentry","category-allgemeine","tag-knappen","et-doesnt-have-format-content","et_post_format-et-post-format-standard"],"_links":{"self":[{"href":"https:\/\/www.best-dentist-dentistry.com\/de\/wp-json\/wp\/v2\/posts\/28190","targetHints":{"allow":["GET"]}}],"collection":[{"href":"https:\/\/www.best-dentist-dentistry.com\/de\/wp-json\/wp\/v2\/posts"}],"about":[{"href":"https:\/\/www.best-dentist-dentistry.com\/de\/wp-json\/wp\/v2\/types\/post"}],"author":[{"embeddable":true,"href":"https:\/\/www.best-dentist-dentistry.com\/de\/wp-json\/wp\/v2\/users\/1"}],"replies":[{"embeddable":true,"href":"https:\/\/www.best-dentist-dentistry.com\/de\/wp-json\/wp\/v2\/comments?post=28190"}],"version-history":[{"count":0,"href":"https:\/\/www.best-dentist-dentistry.com\/de\/wp-json\/wp\/v2\/posts\/28190\/revisions"}],"wp:attachment":[{"href":"https:\/\/www.best-dentist-dentistry.com\/de\/wp-json\/wp\/v2\/media?parent=28190"}],"wp:term":[{"taxonomy":"category","embeddable":true,"href":"https:\/\/www.best-dentist-dentistry.com\/de\/wp-json\/wp\/v2\/categories?post=28190"},{"taxonomy":"post_tag","embeddable":true,"href":"https:\/\/www.best-dentist-dentistry.com\/de\/wp-json\/wp\/v2\/tags?post=28190"}],"curies":[{"name":"wp","href":"https:\/\/api.w.org\/{rel}","templated":true}]}}