{"id":28191,"date":"2012-12-04T03:32:53","date_gmt":"2012-12-04T03:32:53","guid":{"rendered":null},"modified":"-0001-11-30T00:00:00","modified_gmt":"-0001-11-30T00:00:00","slug":"cvalencianageneralitat-says-to-pharmacies-if-they-desconvocan-the-strike-they-will-have-signed-the-document-that-acknowledges-the-debt","status":"publish","type":"post","link":"https:\/\/www.best-dentist-dentistry.com\/de\/cvalencianageneralitat-says-to-pharmacies-if-they-desconvocan-the-strike-they-will-have-signed-the-document-that-acknowledges-the-debt\/28191","title":{"rendered":"CValenciana.Generalitat sagt zu Apotheken, wenn sie Desconvocan den Streik werden sie das Dokument, das die Schuld anerkennt unterzeichnet haben"},"content":{"rendered":"<p class=\"first\"> VALENCIA, 23 (EUROPA dr\u00fccken)<\/p>\n<p>Vice President und Sprecher der Generalitat Valenciana, Jos\u00e9 C\u00edscar, hat am Freitag an den Colleges von Apothekern Valencia gewarnt, wenn sie sich verpflichten, &#8220;sofort&#8221; des Arbeitgebers Streik beenden &#8220;in weniger als zwei Stunden wird das Dokument der Anerkennung der Schuld durch den Rat. unterzeichnet haben<\/p>\n<p>C\u00edscar, auf der Pressekonferenz nach der Plenarsitzung des Rates, erkl\u00e4rte, dass in der Sitzung der Inhaber der Gesundheit, Luis Rosado,, auf das Dokument der Regularisierung und Standardisierung von Zahlungen an die Apotheken in der Gemeinschaft gemeldet hat, dem gesendet wurde, am Donnerstag an den Hochschulen der Apotheke von Valencia, Alicante und Castell\u00f3n.<\/p>\n<p>Dokument, entsprechend der Vizepr\u00e4sident, dr\u00fcckt das&#8221;Engagement&#8221;der die Generalit\u00c3 \u00a4 t und basiert auf&#8221; M\u00f6glichkeiten reale Treffen von Consell. drin, die valencianische Regierung erkennt eine Verbindlichkeit Schulden 452,7 Millionen Euro und stellt Zahlungsbedingungen &#8220;, die dem Consell auszugehen&#8221;.<\/p>\n<p>Valencia-Vizepr\u00e4sident hat die &#8220;Reaktionszeit&#8221; durch die Generalit\u00c3 \u00a4 t mit Apotheker angezeigt, da &#8220;innerhalb von 24 Stunden mit uns Bestellungen ein Dokument der Anerkennung der Schuld schriftlich die gleichen zur Verf\u00fcgung der Hochschulen der Apotheke wurde&#8221; hervorgehoben.<\/p>\n<p>gefragt von Misstrauen durch Apotheker gezeigt, um den Inhalt des Dokuments und der Kritik durch die Tatsache beachten Sie, dass es nicht signiert ist, C\u00edscar hat betont das hei\u00dft ein &#8220;\u00fcberschaubar&#8221; Dokument zu bew\u00e4ltigen die Schuld mit den Apotheken in der Gemeinschaft, d.h. die valencianische Regierung &#8220;zu k\u00f6nnen&#8221;.<\/p>\n<p> &lt; p> Seg\u00fan C\u00edscar, al Consejo Les ha Llegado la Queja de Que el Compromiso no Estaba Plasmado Por Escrito, y Por Ello el Jueves lo Remitieron a Los Colegios. Tambi\u00e9n ha Se\u00f1alado Que Han &#8220;O\u00eddo Que kein Est\u00e1 Firmado&#8221; Pero al Respecto, ha Dicho &#8220;Que kein Meer ese el Problema&#8221;.<\/p>\n<p>Sentido de Este, ha Asegurado Que &#8220;de el Momento de el Que Los Colegios de Farmacia Se Comprometan a Parar Inmediatamente la Huelga, de Menos de Dos Horas Tendr\u00e1n el Documento Firmado Por el Consejero de Sanidad, Por el Consejero de Hacienda y Por el Vicepresidente del Consejo.<\/p>\n<p>Interpelado Por Si le Parecer\u00eda Razonable Que Mantuvieran la Huelga, ha Respondido Que&#8221; Estando Encima De La Mesa el Compromiso de Pago Por Escrito, Si lo aparcamiento Firmado lo Tendr\u00e1n y Siendo Algo Asumible Por Parte De La Generalitat, Los Ciudadanos kein Entender\u00edan Que la Huelga Se Demorase En el Tiempo &#8220;. A Su Juicio,&#8221;Deber\u00edan Replantearse Continuar Con la Huelga&#8221;.<\/p>\n<p>&#8220;Los Ciudadanos kein Podr\u00e1n Entender Que Se Contin\u00fae con un Paro Que Dura M\u00e1s de Tres Semanas, Cuando Tienen el Documento Por Escrito y Les Garantizamos Que de Menos de Dos Horas Desde Que Nos Digan Que Cesan la Huelga lo Tendr\u00e1n Firmado &#8220;, ha Resaltado.<\/p>\n<p>REPARTO DEL FLA<\/p>\n<p>Por Otro Lado, eine Preguntas de Los Medios, C\u00edscar ha Asegurado Que<\/p>\n<p>la Semana Que Viene Recibir\u00e1n Una Parte de Los Fondos Autorizados de el Fondo de Liquidez Auton\u00f3mico (FLA) y Que de Diciembre Recibir\u00e1n Otra Parte. 3 El de Diciembre, Por Otra Parte, Se Cierra el proc\u00e9dure Para Que las Comunidades Aut\u00f3nomas Puedan Adherirse y, a Partir de Ah\u00ed, es Cuando Esperan Que Llegue a la Comunidad&#8221;Toda la Cantidad Que Hemos Pedido&#8221;.<\/p>\n<p>De Esta Manera, ha Apuntado Que hay un Plan de Pagos de base a Una&#8221; Serie de Prioridades Que Establece el FLA y de las Necesidades De La Generalitat &#8220;.<\/p>\n<p>C\u00edscar Es hat darauf bestanden, dass der Rat will &#8220;verteilen&#8221; diese Mittel f\u00fcr &#8220;erreichen die maximale Anzahl der m\u00f6glichen Gruppen&#8221; und w\u00e4hlen nicht durch eine kollektive. Er wurde jedoch bewusst, dass eine solche Politik &#8220;ein Problem generiert&#8221;, aber &#8220;mehr Solidarit\u00e4t ist, was kommt aus der FLA zu verteilen&#8221;, bemerkte er.<\/p>\n","protected":false},"excerpt":{"rendered":"<p>VALENCIA, 23 (EUROPA dr\u00fccken) Vice President und Sprecher der Generalitat Valenciana, Jos\u00e9 C\u00edscar, hat am Freitag an den Colleges von Apothekern Valencia gewarnt, wenn sie sich verpflichten, &#8220;sofort&#8221; des Arbeitgebers Streik beenden &#8220;in weniger als zwei Stunden wird das Dokument der Anerkennung der Schuld durch den Rat. unterzeichnet haben C\u00edscar, auf der Pressekonferenz nach der [&hellip;]<\/p>\n","protected":false},"author":1,"featured_media":0,"comment_status":"close","ping_status":"open","sticky":false,"template":"","format":"standard","meta":{"footnotes":""},"categories":[3],"tags":[38594,38593],"class_list":["post-28191","post","type-post","status-publish","format-standard","hentry","category-allgemeine","tag-anerkennt","tag-cvalencianageneralitat","et-doesnt-have-format-content","et_post_format-et-post-format-standard"],"_links":{"self":[{"href":"https:\/\/www.best-dentist-dentistry.com\/de\/wp-json\/wp\/v2\/posts\/28191","targetHints":{"allow":["GET"]}}],"collection":[{"href":"https:\/\/www.best-dentist-dentistry.com\/de\/wp-json\/wp\/v2\/posts"}],"about":[{"href":"https:\/\/www.best-dentist-dentistry.com\/de\/wp-json\/wp\/v2\/types\/post"}],"author":[{"embeddable":true,"href":"https:\/\/www.best-dentist-dentistry.com\/de\/wp-json\/wp\/v2\/users\/1"}],"replies":[{"embeddable":true,"href":"https:\/\/www.best-dentist-dentistry.com\/de\/wp-json\/wp\/v2\/comments?post=28191"}],"version-history":[{"count":0,"href":"https:\/\/www.best-dentist-dentistry.com\/de\/wp-json\/wp\/v2\/posts\/28191\/revisions"}],"wp:attachment":[{"href":"https:\/\/www.best-dentist-dentistry.com\/de\/wp-json\/wp\/v2\/media?parent=28191"}],"wp:term":[{"taxonomy":"category","embeddable":true,"href":"https:\/\/www.best-dentist-dentistry.com\/de\/wp-json\/wp\/v2\/categories?post=28191"},{"taxonomy":"post_tag","embeddable":true,"href":"https:\/\/www.best-dentist-dentistry.com\/de\/wp-json\/wp\/v2\/tags?post=28191"}],"curies":[{"name":"wp","href":"https:\/\/api.w.org\/{rel}","templated":true}]}}