{"id":28223,"date":"2012-12-05T02:23:51","date_gmt":"2012-12-05T02:23:51","guid":{"rendered":null},"modified":"-0001-11-30T00:00:00","modified_gmt":"-0001-11-30T00:00:00","slug":"andalusia-votes-in-key-elections-for-pp","status":"publish","type":"post","link":"https:\/\/www.best-dentist-dentistry.com\/de\/andalusia-votes-in-key-elections-for-pp\/28223","title":{"rendered":"andalusia votes in key elections for pp"},"content":{"rendered":"<p class=\"first\"> <span class=\"yshortcuts\" id=\"lw_1332681488_0\"> Sevilla<\/span> (Reuters) &#8211; <span class=\"yshortcuts\" id=\"lw_1332681488_1\"> Andalusien<\/span>, <span class=\"yshortcuts\" id=\"lw_1332681488_2\"> der Gemeinschaft<\/span> mehr <span class=\"yshortcuts\" id=\"lw_1332681488_3\"> Grande von Spanien<\/span> stimmten <span class=\"yshortcuts\" id=\"lw_1332681488_4\"> Sonntag<\/span> Regionalwahlen, die Aufnahmezeitraum <span class=\"yshortcuts\" id=\"lw_1332681488_5\"> macht<\/span> die <span class=\"yshortcuts\" id=\"lw_1332681488_6\"> PP<\/span> zum ersten Mal nach drei Jahrzehnten der sozialistischen <span class=\"yshortcuts\" id=\"lw_1332681488_7\"> Dom\u00e4ne<\/span>, laut den <span class=\"yshortcuts\" id=\"lw_1332681488_8\"> Umfragen<\/span>, die eine wichtige Best\u00e4tigung f\u00fcr Reformen und K\u00fcrzungen in der konservativen Regierung von Mariano Rajoy. w\u00e4re<\/p>\n<p>die PP von Javier Arenas, pr\u00e4sentiert zum vierten Mal zum Pr\u00e4sidenten der Junta de Andaluc\u00eda, w\u00fcrden bis zu 59 Abgeordneten in einem Parlament 109, w\u00e4hrend die PSOE in Jos\u00e9 Antonio Gri\u00f1\u00e1n 15 Eintr\u00e4ge in die Kammer, verlieren w\u00fcrde, was auch IULV-CA (Links Unida Los Verdes-Convocatoria von Andaluc\u00eda) mit einem Anstieg von bis zu neun Sitzpl\u00e4tze. zugute k\u00e4me der absolute Mehrheit erhalten<\/p>\n<p>jedoch eine Umfrage des Zentrums f\u00fcr soziologische Untersuchungen (CIS) der Mitte M\u00e4rz darauf hingewiesen, dass die PP am Rande der absoluten Mehrheit, so dass die T\u00fcr offen war zu einer m\u00f6glichen Koalitionsregierung zwischen der PSOE-e IU.<\/p>\n<p>Beteiligung an den Wahlen war 29.29 % um 14:00, fast zehn Punkte weniger als die 39,08 der Wahlen 2008, nach Daten von der Junta de Andaluc\u00eda. Der gro\u00dfe Unterschied k\u00f6nnte aus Mangel an Interesse, obwohl es m\u00f6glich ist, dass die \u00c4nderung nach DST, wer vor einer Stunde in den fr\u00fchen Morgenstunden des Sonntags-Uhren, die Data. beeinflussen war<\/p>\n<p>Sands war der erste Kandidat bei der Abstimmung, die Teilnahme an Wahlen um 11 morgens mit seiner Frau und seiner Tochter.<\/p>\n<p>&#8220;ein sehr ruhiger morgen wollen, die es gibt eine Menge der Beteiligung, die Umfragen zu Wellen der Begeisterung und Hoffnung f\u00fcr die Zukunft, und ab morgen, er alles, was heute geschieht, alles, was wir im Kampf gegen die Wirtschaftskrise und Arbeitslosigkeit sind&#8221;, sagte er, zitiert von Radio National.<\/p>\n<p>gestimmt, dem derzeitigen Vorsitzenden des Verwaltungsrates und Kandidat der PSOE, Jos\u00e9 Antonio Gri\u00f1\u00e1n, am Mittag, indem man einen Aufruf zur Teilnahme.<\/p>\n<p>&#8220;Ich hoffe man Abstimmung Tag, let alle vier Jahre entscheiden, denn es vier bedeutsame Jahre f\u00fcr Andalusien gibt, bemerkte.<\/p>\n<p>Alvaro Morales, ein Arbeitsloser im Alter von 39, die einer Minderheit, seine Stimme ver\u00e4ndert hat Partei zeigte hoffnungslos vor den Wahlen.<\/p>\n<p>&#8220;Ich bin nicht optimistisch f\u00fcr die Zukunft von Andalusien und sehe meine Stimme ver\u00e4ndert sich viel. Dies ist eine viel mehr globale Krise und wird nicht durch weitere K\u00fcrzungen zu l\u00f6sen&#8221;, sagte.<\/p>\n<p>&#8220;30 Jahre sind auch&#8221; &lt;\/p&gt; <\/p>\n<p>Insgesamt 6,4 Millionen W\u00e4hler an die Urnen in einer Bev\u00f6lkerung von fast 8 Millionen und die H\u00e4lfte der Einwohner, die seit der Wiedereinf\u00fchrung der Demokratie eine Partei konfrontiert in Andalusien zu einem Verlust der territorialen und institutionellen macht fast absolute nach dem Wahl-Debakel in Stunden niedrige hei\u00dfen die kommunale und allgemeine des Jahres hat sich entschieden von der PSOE, immer Vergangenheit.<\/p>\n<p>die Wirtschaftskrise, der gro\u00dfe Index von 31 Prozent, der der gr\u00f6\u00dfte von Spanien, Arbeitslosigkeit und Korruption haben entmutigt die Andalusier, die scheinen bereit zu bestrafen die Sozialisten und \u00e4ndern die PP erreichen weitere K\u00fcrzungen der staatlichen F\u00fcrsorge.<\/p>\n<p>Sonntag in Sevilla Alberto Fern\u00e1ndez, sagte &#8220;Andalusien braucht Abwechslung&#8221; Taxista. haben es auf jeden Fall versuchen Obwohl Menschen mit so viel Gerede von K\u00fcrzungen. Mosqueada vielleicht gewinnen Mehrheit&#8221;.<\/p>\n<p>Seinerseits C\u00e9sar Chaparro, Computer seit 35 Jahren, sagte, dass &#8220;die Sozialisten wollen hart durch Arbeitslosigkeit und Korruption Skandale, Zahlen die sowieso alle Parteien. aber 30 Jahre ist zu lang f\u00fcr jede Party. es hier eine tiefe Krise ist und ihre Verbesserung w\u00e4hrend der Jahre, sehe ich nicht &rsquo;.<\/p>\n<p>andalusischen Wahlen finden statt, vier Tage vor einem Generalstreik von den zur Sparsamkeit und f\u00fcnf Tage vor, dass Rajoy seinen Haushalt 2012 mit gro\u00dfen Schnitten sendet und Arbeitsreform.<\/p>\n","protected":false},"excerpt":{"rendered":"<p>Sevilla (Reuters) &#8211; Andalusien, der Gemeinschaft mehr Grande von Spanien stimmten Sonntag Regionalwahlen, die Aufnahmezeitraum macht die PP zum ersten Mal nach drei Jahrzehnten der sozialistischen Dom\u00e4ne, laut den Umfragen, die eine wichtige Best\u00e4tigung f\u00fcr Reformen und K\u00fcrzungen in der konservativen Regierung von Mariano Rajoy. w\u00e4re die PP von Javier Arenas, pr\u00e4sentiert zum vierten Mal [&hellip;]<\/p>\n","protected":false},"author":1,"featured_media":0,"comment_status":"close","ping_status":"open","sticky":false,"template":"","format":"standard","meta":{"footnotes":""},"categories":[3],"tags":[],"class_list":["post-28223","post","type-post","status-publish","format-standard","hentry","category-allgemeine","et-doesnt-have-format-content","et_post_format-et-post-format-standard"],"_links":{"self":[{"href":"https:\/\/www.best-dentist-dentistry.com\/de\/wp-json\/wp\/v2\/posts\/28223","targetHints":{"allow":["GET"]}}],"collection":[{"href":"https:\/\/www.best-dentist-dentistry.com\/de\/wp-json\/wp\/v2\/posts"}],"about":[{"href":"https:\/\/www.best-dentist-dentistry.com\/de\/wp-json\/wp\/v2\/types\/post"}],"author":[{"embeddable":true,"href":"https:\/\/www.best-dentist-dentistry.com\/de\/wp-json\/wp\/v2\/users\/1"}],"replies":[{"embeddable":true,"href":"https:\/\/www.best-dentist-dentistry.com\/de\/wp-json\/wp\/v2\/comments?post=28223"}],"version-history":[{"count":0,"href":"https:\/\/www.best-dentist-dentistry.com\/de\/wp-json\/wp\/v2\/posts\/28223\/revisions"}],"wp:attachment":[{"href":"https:\/\/www.best-dentist-dentistry.com\/de\/wp-json\/wp\/v2\/media?parent=28223"}],"wp:term":[{"taxonomy":"category","embeddable":true,"href":"https:\/\/www.best-dentist-dentistry.com\/de\/wp-json\/wp\/v2\/categories?post=28223"},{"taxonomy":"post_tag","embeddable":true,"href":"https:\/\/www.best-dentist-dentistry.com\/de\/wp-json\/wp\/v2\/tags?post=28223"}],"curies":[{"name":"wp","href":"https:\/\/api.w.org\/{rel}","templated":true}]}}