{"id":28233,"date":"2012-12-05T02:25:06","date_gmt":"2012-12-05T02:25:06","guid":{"rendered":null},"modified":"-0001-11-30T00:00:00","modified_gmt":"-0001-11-30T00:00:00","slug":"private-clinics-employers-reject-the-call-for-general-strike","status":"publish","type":"post","link":"https:\/\/www.best-dentist-dentistry.com\/de\/private-clinics-employers-reject-the-call-for-general-strike\/28233","title":{"rendered":"private clinics employers reject the call for general strike"},"content":{"rendered":"<p class=\"first\"> MADRID, 27 (EUROPA PRESS)<\/p>\n<p>hat der nationale Verband der Privatkliniken mit dem 29. M\u00e4rz Generalstreik zu verstehen, dass Sie sich &#8220;negativ&#8221; k\u00f6nnen zum Ausdruck gebracht auf die wirtschaftliche Aktivit\u00e4t und die Schaffung von Besch\u00e4ftigung.<\/p>\n<p>f\u00fcr die F\u00f6deration, &#8220;die Reform der Arbeit, die den Anruf f\u00fchrte f\u00fcr Streik versucht, Antworten auf die gro\u00dfen Probleme, dass die spanischen Arbeitsmarktes seit Jahrzehnten zieht und nicht die Arbeitnehmerrechte aller Arbeitnehmer verringert, sondern tr\u00e4gt zur Steigerung der Produktivit\u00e4t und Wettbewerbsf\u00e4higkeit von spanischen Gesellschaften&#8221;.<\/p>\n<p>daher, als die Arbeitgeber den Streik als Ma\u00df f\u00fcr die &#8220;politischen Druck gegen die Regierung und Abgeordneter im spanischen Parlament, die Arbeitgeber betrifft&#8221;, nachteilig beeinflussen k\u00f6nnen als passive Empf\u00e4nger derselben &#8220;.&#8221;andere, &#8220;diesen Tag der Streik verursacht schweren wirtschaftlichen Schaden hinzugef\u00fcgt, um die schwierige Situation mit Blick auf Spanien&#8221;.<\/p>\n<p>im \u00fcbrigen R\u00fcckrufe, die sicherstellen sollte, das Recht auf Arbeit und die Sicherheit aller Besch\u00e4ftigten und, die gem\u00e4\u00df diesem Gesetz Unternehmen, m\u00fcssen bleiben ge\u00f6ffnet den ganzen Tag arbeiten, so dass diejenigen, die dies tun seiner Arbeit Post. teilnehmen k\u00f6nnen<\/p>\n<p>auch seinen Partnern angek\u00fcndigt, wird an diesem Tag zur Verf\u00fcgung durch die Kan\u00e4le der Kommunikation, die m\u00f6gliche Zwischenf\u00e4lle zu erhalten und entsprechende Ma\u00dfnahmen zu ergreifen, in jedem Fall sein.<\/p>\n","protected":false},"excerpt":{"rendered":"<p>MADRID, 27 (EUROPA PRESS) hat der nationale Verband der Privatkliniken mit dem 29. M\u00e4rz Generalstreik zu verstehen, dass Sie sich &#8220;negativ&#8221; k\u00f6nnen zum Ausdruck gebracht auf die wirtschaftliche Aktivit\u00e4t und die Schaffung von Besch\u00e4ftigung. f\u00fcr die F\u00f6deration, &#8220;die Reform der Arbeit, die den Anruf f\u00fchrte f\u00fcr Streik versucht, Antworten auf die gro\u00dfen Probleme, dass die [&hellip;]<\/p>\n","protected":false},"author":1,"featured_media":0,"comment_status":"close","ping_status":"open","sticky":false,"template":"","format":"standard","meta":{"footnotes":""},"categories":[3],"tags":[],"class_list":["post-28233","post","type-post","status-publish","format-standard","hentry","category-allgemeine","et-doesnt-have-format-content","et_post_format-et-post-format-standard"],"_links":{"self":[{"href":"https:\/\/www.best-dentist-dentistry.com\/de\/wp-json\/wp\/v2\/posts\/28233","targetHints":{"allow":["GET"]}}],"collection":[{"href":"https:\/\/www.best-dentist-dentistry.com\/de\/wp-json\/wp\/v2\/posts"}],"about":[{"href":"https:\/\/www.best-dentist-dentistry.com\/de\/wp-json\/wp\/v2\/types\/post"}],"author":[{"embeddable":true,"href":"https:\/\/www.best-dentist-dentistry.com\/de\/wp-json\/wp\/v2\/users\/1"}],"replies":[{"embeddable":true,"href":"https:\/\/www.best-dentist-dentistry.com\/de\/wp-json\/wp\/v2\/comments?post=28233"}],"version-history":[{"count":0,"href":"https:\/\/www.best-dentist-dentistry.com\/de\/wp-json\/wp\/v2\/posts\/28233\/revisions"}],"wp:attachment":[{"href":"https:\/\/www.best-dentist-dentistry.com\/de\/wp-json\/wp\/v2\/media?parent=28233"}],"wp:term":[{"taxonomy":"category","embeddable":true,"href":"https:\/\/www.best-dentist-dentistry.com\/de\/wp-json\/wp\/v2\/categories?post=28233"},{"taxonomy":"post_tag","embeddable":true,"href":"https:\/\/www.best-dentist-dentistry.com\/de\/wp-json\/wp\/v2\/tags?post=28233"}],"curies":[{"name":"wp","href":"https:\/\/api.w.org\/{rel}","templated":true}]}}