{"id":2838,"date":"2011-12-07T10:00:24","date_gmt":"2011-12-07T10:00:24","guid":{"rendered":null},"modified":"-0001-11-30T00:00:00","modified_gmt":"-0001-11-30T00:00:00","slug":"porfirio-lobo-not-go-finally-to-durban-summit-because-of-problem-of-agenda","status":"publish","type":"post","link":"https:\/\/www.best-dentist-dentistry.com\/de\/porfirio-lobo-not-go-finally-to-durban-summit-because-of-problem-of-agenda\/2838","title":{"rendered":"Porfirio Lobo nicht gehen schlie\u00dflich zum Gipfel von Durban aufgrund des Problems der Tagesordnung"},"content":{"rendered":"<p>Durban (S\u00fcdafrika), 7 Dec (EFE).-der Pr\u00e4sident von Honduras, Porfirio Lobo, besuchen nicht letztlich die 17. UN Summit on Climate Change (COP17), Durban (S\u00fcdafrika) von Problemen der Tagesordnung.<\/p>\n<p>Dies best\u00e4tigte heute, Efe der honduranischen Minister f\u00fcr nat\u00fcrliche Ressourcen und Umwelt, Riogoberto Cu\u00e9llar, der die Delegation des zentralamerikanischen Landes in der Konferenz, leitet die stattfindet vom 28. November bis Dezember 9.<\/p>\n<p>Die Vereinten Nationen hatte zuvor informiert worden, dass Wolf wurde als eine der zw\u00f6lf Staats und Regierungschefs teilnehmen hochrangigen Treffen der COP, die am Dienstag dieser Woche er\u00f6ffnet und Eingreifen in ihnen auch etwa 130 Minister.<\/p>\n<p>Honduras verteidigt die Position des Systems der zentralamerikanische Integration (SICA), um die Genehmigung des Green Fonds f\u00fcr Klima (FVP), die Entwicklungsl\u00e4nder zur Anpassung an die &#8220;gr\u00fcne&#8221; Technologie und extreme Wetter in Durban sollen.<\/p>\n<p>Beg\u00fcnstigt die Musik auch die Erneuerung des Kyoto-Protokolls auf die Senkung der Emissionen von Treibhausgasen, die am Ende des Jahres 2012 ausl\u00e4uft. EFE<\/p>\n","protected":false},"excerpt":{"rendered":"<p>Durban (S\u00fcdafrika), 7 Dec (EFE).-der Pr\u00e4sident von Honduras, Porfirio Lobo, besuchen nicht letztlich die 17. UN Summit on Climate Change (COP17), Durban (S\u00fcdafrika) von Problemen der Tagesordnung. Dies best\u00e4tigte heute, Efe der honduranischen Minister f\u00fcr nat\u00fcrliche Ressourcen und Umwelt, Riogoberto Cu\u00e9llar, der die Delegation des zentralamerikanischen Landes in der Konferenz, leitet die stattfindet vom 28. [&hellip;]<\/p>\n","protected":false},"author":1,"featured_media":0,"comment_status":"close","ping_status":"open","sticky":false,"template":"","format":"standard","meta":{"footnotes":""},"categories":[3],"tags":[9835,9836],"class_list":["post-2838","post","type-post","status-publish","format-standard","hentry","category-allgemeine","tag-porfirio","tag-problems","et-doesnt-have-format-content","et_post_format-et-post-format-standard"],"_links":{"self":[{"href":"https:\/\/www.best-dentist-dentistry.com\/de\/wp-json\/wp\/v2\/posts\/2838","targetHints":{"allow":["GET"]}}],"collection":[{"href":"https:\/\/www.best-dentist-dentistry.com\/de\/wp-json\/wp\/v2\/posts"}],"about":[{"href":"https:\/\/www.best-dentist-dentistry.com\/de\/wp-json\/wp\/v2\/types\/post"}],"author":[{"embeddable":true,"href":"https:\/\/www.best-dentist-dentistry.com\/de\/wp-json\/wp\/v2\/users\/1"}],"replies":[{"embeddable":true,"href":"https:\/\/www.best-dentist-dentistry.com\/de\/wp-json\/wp\/v2\/comments?post=2838"}],"version-history":[{"count":0,"href":"https:\/\/www.best-dentist-dentistry.com\/de\/wp-json\/wp\/v2\/posts\/2838\/revisions"}],"wp:attachment":[{"href":"https:\/\/www.best-dentist-dentistry.com\/de\/wp-json\/wp\/v2\/media?parent=2838"}],"wp:term":[{"taxonomy":"category","embeddable":true,"href":"https:\/\/www.best-dentist-dentistry.com\/de\/wp-json\/wp\/v2\/categories?post=2838"},{"taxonomy":"post_tag","embeddable":true,"href":"https:\/\/www.best-dentist-dentistry.com\/de\/wp-json\/wp\/v2\/tags?post=2838"}],"curies":[{"name":"wp","href":"https:\/\/api.w.org\/{rel}","templated":true}]}}