{"id":28427,"date":"2012-12-06T02:44:29","date_gmt":"2012-12-06T02:44:29","guid":{"rendered":null},"modified":"-0001-11-30T00:00:00","modified_gmt":"-0001-11-30T00:00:00","slug":"the-colombian-vice-president-in-intensive-care-according-to-the-media","status":"publish","type":"post","link":"https:\/\/www.best-dentist-dentistry.com\/de\/the-colombian-vice-president-in-intensive-care-according-to-the-media\/28427","title":{"rendered":"Kolumbianischen Vizepr\u00e4sidenten auf der Intensivstation, den Medien zufolge"},"content":{"rendered":"<p class=\"first\"> Bogota, 18 jun (EFE).-the Colombian Vice President, Angelino Garzon, has been hospitalized in the intensive care unit of the cl\u00ednica Reina Sof\u00eda, of Bogot\u00e1, where he remained from last Thursday, after suffering a relapse, reported local media.<\/p>\n<p>versions, disseminated by the digital radio stations Caracol and RCN, pages ensure that Garz\u00f3n may have suffered a problem cerebrocardiovascular, so it was necessary for membership in the ICU in the mentioned unit Center Hospital.<\/p>\n<p>for its part, digital capital journal time page says doctors who care for Garzon to prepare a report to present to Colombia, President Juan Manuel Santos, who is in the Group of twenty (G20) Summit, being held in Los Cabos, Mexico.<\/p>\n<p>up to the moment neither Vice President nor the Presidency have offered opinions about the health of Garz\u00f3n.<\/p>\n<p>the Sonntag, das Amt des Vizepr\u00e4sidenten gesagt durch eine Erkl\u00e4rung, dass Garzon hospitalisierten bis Dienstag bleiben w\u00fcrde &#8220;\u00fcber die medizinische Empfehlung und um Kontinuit\u00e4t f\u00fcr die umfassende Behandlung der Gesundheit geben die ausgesetzt ist&#8221;.<\/p>\n<p>bereits im Jahr 2010, die leitende Beamten der kolumbianischen wurde daraufhin am 9. August, zwei Tage nach der Annahme der Vizepr\u00e4sidentschaft der Republik, leiden an Krankheiten Herz.<\/p>\n<p>Kolumbien auch weiterhin, dass die Entwicklung des Gesundheitszustands der B\u00fcrgermeister Bogot\u00e1s, Gustavo Petro, die entlassen wurde, am Montag nach einem Eingriff in den Kopf, was einer Klumpen Blut. entw\u00e4ssert<\/p>\n<p>La Fundaci\u00f3n Santa Fe de Bogot\u00e1, wo Petro ins Krankenhaus eingeliefert wurde, wurde nicht angegeben, wie lange der Herrscher deaktiviert wird.<\/p>\n","protected":false},"excerpt":{"rendered":"<p>Bogota, 18 jun (EFE).-the Colombian Vice President, Angelino Garzon, has been hospitalized in the intensive care unit of the cl\u00ednica Reina Sof\u00eda, of Bogot\u00e1, where he remained from last Thursday, after suffering a relapse, reported local media. versions, disseminated by the digital radio stations Caracol and RCN, pages ensure that Garz\u00f3n may have suffered a [&hellip;]<\/p>\n","protected":false},"author":1,"featured_media":0,"comment_status":"close","ping_status":"open","sticky":false,"template":"","format":"standard","meta":{"footnotes":""},"categories":[3],"tags":[38821],"class_list":["post-28427","post","type-post","status-publish","format-standard","hentry","category-allgemeine","tag-existiert","et-doesnt-have-format-content","et_post_format-et-post-format-standard"],"_links":{"self":[{"href":"https:\/\/www.best-dentist-dentistry.com\/de\/wp-json\/wp\/v2\/posts\/28427","targetHints":{"allow":["GET"]}}],"collection":[{"href":"https:\/\/www.best-dentist-dentistry.com\/de\/wp-json\/wp\/v2\/posts"}],"about":[{"href":"https:\/\/www.best-dentist-dentistry.com\/de\/wp-json\/wp\/v2\/types\/post"}],"author":[{"embeddable":true,"href":"https:\/\/www.best-dentist-dentistry.com\/de\/wp-json\/wp\/v2\/users\/1"}],"replies":[{"embeddable":true,"href":"https:\/\/www.best-dentist-dentistry.com\/de\/wp-json\/wp\/v2\/comments?post=28427"}],"version-history":[{"count":0,"href":"https:\/\/www.best-dentist-dentistry.com\/de\/wp-json\/wp\/v2\/posts\/28427\/revisions"}],"wp:attachment":[{"href":"https:\/\/www.best-dentist-dentistry.com\/de\/wp-json\/wp\/v2\/media?parent=28427"}],"wp:term":[{"taxonomy":"category","embeddable":true,"href":"https:\/\/www.best-dentist-dentistry.com\/de\/wp-json\/wp\/v2\/categories?post=28427"},{"taxonomy":"post_tag","embeddable":true,"href":"https:\/\/www.best-dentist-dentistry.com\/de\/wp-json\/wp\/v2\/tags?post=28427"}],"curies":[{"name":"wp","href":"https:\/\/api.w.org\/{rel}","templated":true}]}}