{"id":28442,"date":"2012-12-06T02:47:36","date_gmt":"2012-12-06T02:47:36","guid":{"rendered":null},"modified":"-0001-11-30T00:00:00","modified_gmt":"-0001-11-30T00:00:00","slug":"doctors-removed-ventilatory-support-to-the-colombian-vice-president","status":"publish","type":"post","link":"https:\/\/www.best-dentist-dentistry.com\/de\/doctors-removed-ventilatory-support-to-the-colombian-vice-president\/28442","title":{"rendered":"\u00c4rzte entfernt &#8220;ventilatory Support&#8221; des kolumbianischen Vizepr\u00e4sidenten"},"content":{"rendered":"<p class=\"first\"> Bogota, June 27 (EFE).-the medical staff that attends to the Colombian, Vice President Angelino Garzon, withdrew you &#8220;ventilatory support&#8221;, although continuously in the unit of intensive care (ICU) clinic Queen Sofia de Bogot\u00e1, where he entered on June 14, reported today the institution.<\/p>\n<p>Garzon, of 65 years, &#8220;is aware and retired mechanical ventilatory support&#8221; and continues &#8220;under strict medical supervision&#8221; and &#8220;integral rehabilitation process&#8221;, according to a press statement released this Wednesday.<\/p>\n<p>La Cl\u00ednica Reina Sofia added that in case of present some novelty in the State of health be it opportunely communicated, prior authorization from the family Garz\u00f3n.<\/p>\n<p>the past 21, Garz\u00f3n was subjected to a &#8220;brain rest&#8221; induced in order to avoid a possible deterioration of the area affected by the injury, the midbrain, which commits functions, according to the doctors.<\/p>\n<p>this Es ist der zweite schwere Garz\u00f3n Gesundheit Komplikation seit vorausgesetzt die Vice Pr\u00e4sidentschaft von Kolumbiens 7. August 2010, als er seinem Herzleiden litt und er unterzog sich die Chirurgie, die ihn f\u00fcr mehrere Wochen arbeitsunf\u00e4hig abhielt<\/p>\n<p>der Vize-Pr\u00e4sident Kolumbiens, Angelino Garzon. WireImage \/<\/p>\n","protected":false},"excerpt":{"rendered":"<p>Bogota, June 27 (EFE).-the medical staff that attends to the Colombian, Vice President Angelino Garzon, withdrew you &#8220;ventilatory support&#8221;, although continuously in the unit of intensive care (ICU) clinic Queen Sofia de Bogot\u00e1, where he entered on June 14, reported today the institution. Garzon, of 65 years, &#8220;is aware and retired mechanical ventilatory support&#8221; and [&hellip;]<\/p>\n","protected":false},"author":1,"featured_media":0,"comment_status":"close","ping_status":"open","sticky":false,"template":"","format":"standard","meta":{"footnotes":""},"categories":[3],"tags":[],"class_list":["post-28442","post","type-post","status-publish","format-standard","hentry","category-allgemeine","et-doesnt-have-format-content","et_post_format-et-post-format-standard"],"_links":{"self":[{"href":"https:\/\/www.best-dentist-dentistry.com\/de\/wp-json\/wp\/v2\/posts\/28442","targetHints":{"allow":["GET"]}}],"collection":[{"href":"https:\/\/www.best-dentist-dentistry.com\/de\/wp-json\/wp\/v2\/posts"}],"about":[{"href":"https:\/\/www.best-dentist-dentistry.com\/de\/wp-json\/wp\/v2\/types\/post"}],"author":[{"embeddable":true,"href":"https:\/\/www.best-dentist-dentistry.com\/de\/wp-json\/wp\/v2\/users\/1"}],"replies":[{"embeddable":true,"href":"https:\/\/www.best-dentist-dentistry.com\/de\/wp-json\/wp\/v2\/comments?post=28442"}],"version-history":[{"count":0,"href":"https:\/\/www.best-dentist-dentistry.com\/de\/wp-json\/wp\/v2\/posts\/28442\/revisions"}],"wp:attachment":[{"href":"https:\/\/www.best-dentist-dentistry.com\/de\/wp-json\/wp\/v2\/media?parent=28442"}],"wp:term":[{"taxonomy":"category","embeddable":true,"href":"https:\/\/www.best-dentist-dentistry.com\/de\/wp-json\/wp\/v2\/categories?post=28442"},{"taxonomy":"post_tag","embeddable":true,"href":"https:\/\/www.best-dentist-dentistry.com\/de\/wp-json\/wp\/v2\/tags?post=28442"}],"curies":[{"name":"wp","href":"https:\/\/api.w.org\/{rel}","templated":true}]}}