{"id":28445,"date":"2012-12-06T02:47:51","date_gmt":"2012-12-06T02:47:51","guid":{"rendered":null},"modified":"-0001-11-30T00:00:00","modified_gmt":"-0001-11-30T00:00:00","slug":"the-supreme-must-endorse-the-health-reform-asked-latino-activists","status":"publish","type":"post","link":"https:\/\/www.best-dentist-dentistry.com\/de\/the-supreme-must-endorse-the-health-reform-asked-latino-activists\/28445","title":{"rendered":"Das oberste muss die Gesundheitsreform, fragte Latino Aktivisten unterst\u00fctzen"},"content":{"rendered":"<p class=\"first\"> Washington, 27. Juni (EFE).-Aktivisten von der Latino-Gemeinde heute fordert der Oberste Gerichtshof intakt 2010 verlassen, Gesundheit zu reformieren, weil diese Berichterstattung \u00fcber die Spanier die Situation schon besser geworden ist<\/p>\n<p>des Obersten Gerichtshofes, die ein Publikum von drei Tagen auf die Gesundheit im vergangenen April, Reform Morgen liefern statt seiner erwarteten Stellungnahme zur Verfassungsm\u00e4\u00dfigkeit der Ma\u00dfnahme, wurde der gr\u00f6\u00dfte triumph legislative Pr\u00e4sidenten, Barack Obama, politische interne.<\/p>\n<p>das h\u00f6chste Gericht des Landes haben Optionen des billigte es oder es in seiner Gesamtheit zu widerrufen oder Abbrechen nur eines oder mehrerer seiner umstrittensten, unter dieser Komponenten m\u00f6glicherweise sichere medizinischen erforderlich.<\/p>\n<p>laut des Wei\u00dfen Hauses und seine Verb\u00fcndeten innen und au\u00dfen Kongress, ist das &#8220;Gesetz der Care Physician erschwinglich&#8221;, als Gesundheitsreform bekannt, es hat begonnen, Ungleichheiten des Zugangs zur Gesundheitsversorgung in den Vereinigten Staaten, insbesondere bei den Minderheiten.<\/p>\n<p>&#8220;das war nicht nur ein politischer Sieg f\u00fcr Pr\u00e4sident Obama; es war auch f\u00fcr alle Familien, die leiden unter den Auswirkungen der wirtschaftlich schwierigen Zeiten. Gesundheitsversorgung sollte kein Privileg der wohlhabenden&#8221;, sagte Efe Eliseo Medina, International Beiratsmitglied, internationale Servicemitarbeitern Union (SEIU, unter ihrer Abk\u00fcrzung in englischer Sprache)<\/p>\n<p>&#8220;Latinos sind eher nicht die Versicherung in den USA haben und Reform erhalten Zugang zu medizinischer Versorgung f\u00fcr zus\u00e4tzliche fast 9 Millionen Latinos. alle haben das Recht auf einen Arzt besuchen und Pflege und medizinische Behandlungen zu erschwinglichen Preisen zu erhalten&#8221;, hinzugef\u00fcgt Medina.<\/p>\n<p>&rsquo; Nr. &#8220;Wir k\u00f6nnen nicht riskieren unserer Community die M\u00f6glichkeit, Zugang zu kritischen Diensten haben. Hoffnung, die der Oberste Gerichtshof auf der Seite der Arbeitnehmer und nicht Konzerne setzen&#8221;, betonte der Gewerkschafter.<\/p>\n<p><p>ist die umfassendste Reform des Gesundheitssystems in fast ein halbes Jahrhundert, von der Inbetriebnahme der Programme &#8220;Medicare&#8221; f\u00fcr \u00e4ltere Menschen und Rentner und &#8220;Medicaid&#8221; zu armen Menschen.<\/p>\n<p> die Reform, die im M\u00e4rz 2010 ohne Unterst\u00fctzung der Republikaner, genehmigt wurde garantiert Krankenversicherung rund 50 Millionen Menschen bis zum Jahr 2014 und verbietet Versicherer verweigern Abdeckung f\u00fcr Menschen mit gesundheitlichen Problemen zuvor unter anderen Elementen.<\/p>\n<p>seiner umstrittensten Punkt jedoch, ist, dass die meisten Amerikaner Krankenversicherung kaufen oder die Wiederherstellung eines fein riskieren.<\/p>\n<p> &lt; p&gt; Former Secretary of Commerce of United States Carlos Gutierrez does not question that reform has its &#8220;positive points&#8221;, but, echoing the opponents of the measure, insisted today that it is a costly intrusion of Government in the economy.<\/p>\n<p>&#8220;implementation of this reform is going to cost trillions of dollars, so you will have an impact on the economy, and 67% of small businesses said that they will have to suspend the recruitment of workers,&#8221; he told Efe Gutierrez in interview telephone.<\/p>\n<p>&#8220;in three, five or ten years, this will be an uncontrollable issue because it will create a bureaucracy enormous. want to control costs by centralizing medical coverage, but I think that the system can be corrected without lapsing into bureaucratic &rsquo;, said.<\/p>\n<p>failure will affect millions of latinos that make up eine Gruppe mit weniger Zugang zu Krankenversicherung und ben\u00f6tigen mehr Vorsorge, wie er heute National Council of La Raza (NCLR) erinnerte.<\/p>\n<p>die gr\u00f6\u00dfte Zunahme medizinischer Versorgung im Rahmen der Reform nach NCLR, w\u00fcrde Sie aufzeichnen unter Hispanics mit 18,2 %, verglichen mit 10,9 % der Bev\u00f6lkerung im Allgemeinen.<\/p>\n<p>derzeit 16 Millionen Hispanics haben keine Versicherung, der darstellt, dass ein Drittel der Bev\u00f6lkerung ohne diesen Vorteil.<\/p>\n<p>Obwohl die meisten \u00c4nderungen, im Jahr 2014 wirksam werden, den gescheiterten haben Auswirkungen unter der am schnellsten wachsende Minderheit im Land, \u00fcber das politische Leben und den Prozess Wahl.<\/p>\n<p>Eliseo Medina, Beiratsmitglied Internacional, des internationalen Verbandes Servicemitarbeitern. WireImage \/<\/p>\n","protected":false},"excerpt":{"rendered":"<p>Washington, 27. Juni (EFE).-Aktivisten von der Latino-Gemeinde heute fordert der Oberste Gerichtshof intakt 2010 verlassen, Gesundheit zu reformieren, weil diese Berichterstattung \u00fcber die Spanier die Situation schon besser geworden ist des Obersten Gerichtshofes, die ein Publikum von drei Tagen auf die Gesundheit im vergangenen April, Reform Morgen liefern statt seiner erwarteten Stellungnahme zur Verfassungsm\u00e4\u00dfigkeit der [&hellip;]<\/p>\n","protected":false},"author":1,"featured_media":0,"comment_status":"close","ping_status":"open","sticky":false,"template":"","format":"standard","meta":{"footnotes":""},"categories":[3],"tags":[38824],"class_list":["post-28445","post","type-post","status-publish","format-standard","hentry","category-allgemeine","tag-weit","et-doesnt-have-format-content","et_post_format-et-post-format-standard"],"_links":{"self":[{"href":"https:\/\/www.best-dentist-dentistry.com\/de\/wp-json\/wp\/v2\/posts\/28445","targetHints":{"allow":["GET"]}}],"collection":[{"href":"https:\/\/www.best-dentist-dentistry.com\/de\/wp-json\/wp\/v2\/posts"}],"about":[{"href":"https:\/\/www.best-dentist-dentistry.com\/de\/wp-json\/wp\/v2\/types\/post"}],"author":[{"embeddable":true,"href":"https:\/\/www.best-dentist-dentistry.com\/de\/wp-json\/wp\/v2\/users\/1"}],"replies":[{"embeddable":true,"href":"https:\/\/www.best-dentist-dentistry.com\/de\/wp-json\/wp\/v2\/comments?post=28445"}],"version-history":[{"count":0,"href":"https:\/\/www.best-dentist-dentistry.com\/de\/wp-json\/wp\/v2\/posts\/28445\/revisions"}],"wp:attachment":[{"href":"https:\/\/www.best-dentist-dentistry.com\/de\/wp-json\/wp\/v2\/media?parent=28445"}],"wp:term":[{"taxonomy":"category","embeddable":true,"href":"https:\/\/www.best-dentist-dentistry.com\/de\/wp-json\/wp\/v2\/categories?post=28445"},{"taxonomy":"post_tag","embeddable":true,"href":"https:\/\/www.best-dentist-dentistry.com\/de\/wp-json\/wp\/v2\/tags?post=28445"}],"curies":[{"name":"wp","href":"https:\/\/api.w.org\/{rel}","templated":true}]}}