{"id":28455,"date":"2012-12-06T02:49:38","date_gmt":"2012-12-06T02:49:38","guid":{"rendered":null},"modified":"-0001-11-30T00:00:00","modified_gmt":"-0001-11-30T00:00:00","slug":"the-colombian-vice-president-evolves-successfully-say-doctors","status":"publish","type":"post","link":"https:\/\/www.best-dentist-dentistry.com\/de\/the-colombian-vice-president-evolves-successfully-say-doctors\/28455","title":{"rendered":"the colombian vice president evolves successfully say doctors"},"content":{"rendered":"<p class=\"first\"> Bogota, 3 jul (EFE).-the Colombian Vice President, Angelino Garzon, &#8220;successfully evolves&#8221;, reported today the Queen clinic Sofia, a. where the politician entered the last 14 of June.<\/p>\n<p>&#8220;the Vice-President is evolving satisfactorily, continues with restricted visits and comprehensive rehabilitation program&#8221;, says the party doctor on Tuesday signed by the Chief Scientist of the institution, Andr\u00e9s Caballero Arteaga.<\/p>\n<p>Garzon, of 65 years, was released Friday from the unit of intensive care (ICU), and receives visits restricted since last Saturday.<\/p>\n<p>the former Trade Union is hospitalized from June 14 by a cerebral ischemia, so it was necessary to subdue him, on 21 June, to a &#8220;brain rest&#8221; induced in order to avoid a possible deterioration of the area affected by the injury, the midbrain, which it undertakes vital functions, they pointed out then the doctors.<\/p>\n<p>Garz\u00f3n, wer die Vize-Pr\u00e4sidentschaft am 7. August 2010, am selben Tag angenommen, dass Juan Manuel Santos wurde vereidigt als kolumbianische Pr\u00e4sident f\u00fcr die Endung 2014.EFE Quadrennium<\/p>\n","protected":false},"excerpt":{"rendered":"<p>Bogota, 3 jul (EFE).-the Colombian Vice President, Angelino Garzon, &#8220;successfully evolves&#8221;, reported today the Queen clinic Sofia, a. where the politician entered the last 14 of June. &#8220;the Vice-President is evolving satisfactorily, continues with restricted visits and comprehensive rehabilitation program&#8221;, says the party doctor on Tuesday signed by the Chief Scientist of the institution, Andr\u00e9s [&hellip;]<\/p>\n","protected":false},"author":1,"featured_media":0,"comment_status":"close","ping_status":"open","sticky":false,"template":"","format":"standard","meta":{"footnotes":""},"categories":[3],"tags":[],"class_list":["post-28455","post","type-post","status-publish","format-standard","hentry","category-allgemeine","et-doesnt-have-format-content","et_post_format-et-post-format-standard"],"_links":{"self":[{"href":"https:\/\/www.best-dentist-dentistry.com\/de\/wp-json\/wp\/v2\/posts\/28455","targetHints":{"allow":["GET"]}}],"collection":[{"href":"https:\/\/www.best-dentist-dentistry.com\/de\/wp-json\/wp\/v2\/posts"}],"about":[{"href":"https:\/\/www.best-dentist-dentistry.com\/de\/wp-json\/wp\/v2\/types\/post"}],"author":[{"embeddable":true,"href":"https:\/\/www.best-dentist-dentistry.com\/de\/wp-json\/wp\/v2\/users\/1"}],"replies":[{"embeddable":true,"href":"https:\/\/www.best-dentist-dentistry.com\/de\/wp-json\/wp\/v2\/comments?post=28455"}],"version-history":[{"count":0,"href":"https:\/\/www.best-dentist-dentistry.com\/de\/wp-json\/wp\/v2\/posts\/28455\/revisions"}],"wp:attachment":[{"href":"https:\/\/www.best-dentist-dentistry.com\/de\/wp-json\/wp\/v2\/media?parent=28455"}],"wp:term":[{"taxonomy":"category","embeddable":true,"href":"https:\/\/www.best-dentist-dentistry.com\/de\/wp-json\/wp\/v2\/categories?post=28455"},{"taxonomy":"post_tag","embeddable":true,"href":"https:\/\/www.best-dentist-dentistry.com\/de\/wp-json\/wp\/v2\/tags?post=28455"}],"curies":[{"name":"wp","href":"https:\/\/api.w.org\/{rel}","templated":true}]}}