{"id":28530,"date":"2012-12-06T03:28:28","date_gmt":"2012-12-06T03:28:28","guid":{"rendered":null},"modified":"-0001-11-30T00:00:00","modified_gmt":"-0001-11-30T00:00:00","slug":"Die-Volksgesundheit-Madrid-feiert-einen-48-Stunden-Streik","status":"publish","type":"post","link":"https:\/\/www.best-dentist-dentistry.com\/de\/Die-Volksgesundheit-Madrid-feiert-einen-48-Stunden-Streik\/28530","title":{"rendered":"Die Volksgesundheit Madrid feiert einen 48 Stunden Streik"},"content":{"rendered":"<p class=\"first\"> MADRID (Reuters) &#8211; Los Trabajadores De La Sanidad P\u00fablica Madrile\u00f1a Celebraron el Lunes la Primera de Dos Jornadas de Huelga Abs. Exigir la Retirada del Plan de Sostenibilidad del Gobierno Auton\u00f3mico, Que Seg\u00fan Los Convocantes Supone Una &#8220;Privatizaci\u00f3n Encubierta&#8221; De La Sanidad, Seguro De La perte de M\u00e1s de 1.000 Puestos de Trabajo.<\/p>\n<p>Un 85 Por Ciento de Los Alrededor de 75.000 Trabajadores de Todas las \u00c1reas, Tanto Sanitarias Como Nein Sanitarias, Participaron de el Paro, Seg\u00fan Los Sindicatos, Mientras Que el Ejecutivo Que Dirige el Partido Popular Rebaj\u00f3 la Cifra al 23 Por Ciento.<\/p>\n<p>&#8220;Lo Que Estamos es Por la Defensa del Servicio Sanitario P\u00fablico de la Comunidad de Madrid, Cien Por Cien P\u00fablico, y kein Podemos Admitir Que Meer de Puesto de Manos de Empresas de las Cuales \u00danico Que Tenemos Claro es Que van a Hacer Negocio&#8221;, Dijo de Televisi\u00f3n Espa\u00f1ola Juli\u00e1n Ezquerra, Secretario allgemeine del Sindicato M\u00e9dico AMYTS.<\/p>\n<p> < p\"&gt; Konzentrationen in verschiedenen Gesundheitszentren wurden erweitert mit Verschl\u00fcssen in der Nacht in hundert von den 270 ambulante Patienten der Gemeinschaft Madrid.<\/p>\n<p>f\u00fcr Dienstag auch eine Demonstration, die verstreichen, wird einberufen, zwischen der Puerta del Sol und der Plaza de Neptuno.<\/p>\n<p>Gewerkschaften protestieren gegen Ma\u00dfnahmen, die beinhalten das Outsourcing nicht Gesundheitsdienste in mehreren Krankenh\u00e4usern in den letzten Bau, neben der Einf\u00fchrung des Euro durch die Verschreibung in Madrid.<\/p>\n<p>die Gesundheit von Madrid hat verteidigt seinen Plan als eine Art Lebensf\u00e4higkeit, \u00f6ffentliche Gesundheit, in einem Kontext, in dem die spanischen Beh\u00f6rden f\u00fchren Schnitte zur Erf\u00fcllung der strengen Defizitkriterien verh\u00e4ngt Br\u00fcssel in einem Land von einer tiefen wirtschaftlichen Krise betroffen.<\/p>\n<p>&#8220;&#8221;We do precisely with these measures is to ensure that they can continue to have the highest level of quality, that cater to everyone, who attend for free, and that Yes, that do so in a way that let us better the resources that we have, to do so in a more efficient way&#8221;, stated in TVE the Counselor of health, Javier Fern\u00e1ndez-Lasquetty.<\/p>\n<p>privatization<\/p>\n<p>Madrid health professionals who will be joining the strike argue that the measures represent an aggressive privatization of health Madrile\u00f1a.<\/p>\n<p>&#8220;We understand that the Government of the community of Madrid takes advantage of the current crisis to adopt measures that affect the depth of the public health system and are the prelude to a radical change which has as objective the destruction of the current Madrid health service,&#8221; said in a statement the organizing unions SATSE, UGT, CCOO AMYTS, CSIT and USAE.<\/p>\n<p>the 4 und 5. Dezember werden einberufen, andere zwei Tage der Arbeitslosigkeit.<\/p>\n<p>&#8220;Glauben der \u00f6ffentlichen Gesundheit ist ein gut, dass wir mit unseren steuern alle B\u00fcrger halten und daher nicht verkaufen&#8221;, sagte Ana Isabel D\u00edaz, ein Kinderarzt aus einem Zentrum der Prim\u00e4rversorgung, in einer Erkl\u00e4rung an Reuters.<\/p>\n<p>Diaz argumentiert, dass der Plan, die versucht, die autonome Regierung die T\u00fcr zu Privatunternehmen \u00f6ffnet zu beginnen, um Krankenh\u00e4user, verwalten die Auswirkungen auf den Verlust der Qualit\u00e4t der Versorgung von Patienten.<\/p>\n<p>&#8220;Wir glauben, dass Management verbessert werden kann, aber das kann perfekt sein, von der Public Health,&#8221; hinzugef\u00fcgt Diaz, der versicherte, dass medizinisches Fachpersonal verschiedene strategische Pl\u00e4ne die autonome Regierung dargestellt haben und diese nicht in Konto behoben worden.<\/p>\n<p>die letzten November 18, Tausende von Menschen marschierten durch das Zentrum der spanischen Hauptstadt, die als &#8220;wei\u00dfe Tide&#8221; bezeichnet wurde, hat in der Verteidigung der \u00f6ffentlichen Gesundheit.<\/p>\n<p>spanische Autonome Gemeinschaften sind verantwortlich f\u00fcr mehr als ein Drittel der Gesamtausgaben des Staates und Verwalten von Diensten wie Gesundheit und Bildung, sozial sehr empfindlich auf jeder Ausschnitt.<\/p>\n<p>La Comunidad de Madrid, eine der reichsten in Bezug auf die Einkommen der B\u00fcrger, hat ein paar Konten f\u00fcr 2013 17.048 Millionen Euro, deren Dicke dauert es Gesundheit und Bildung, mit einem Schnitt in das Gesundheitsbudget von 7 Prozent vorgelegt.<\/p>\n","protected":false},"excerpt":{"rendered":"<p>MADRID (Reuters) &#8211; Los Trabajadores De La Sanidad P\u00fablica Madrile\u00f1a Celebraron el Lunes la Primera de Dos Jornadas de Huelga Abs. Exigir la Retirada del Plan de Sostenibilidad del Gobierno Auton\u00f3mico, Que Seg\u00fan Los Convocantes Supone Una &#8220;Privatizaci\u00f3n Encubierta&#8221; De La Sanidad, Seguro De La perte de M\u00e1s de 1.000 Puestos de Trabajo. Un 85 [&hellip;]<\/p>\n","protected":false},"author":1,"featured_media":0,"comment_status":"close","ping_status":"open","sticky":false,"template":"","format":"standard","meta":{"footnotes":""},"categories":[3],"tags":[38900,38899],"class_list":["post-28530","post","type-post","status-publish","format-standard","hentry","category-allgemeine","tag-48-stunden-streik","tag-treibhauseffekts","et-doesnt-have-format-content","et_post_format-et-post-format-standard"],"_links":{"self":[{"href":"https:\/\/www.best-dentist-dentistry.com\/de\/wp-json\/wp\/v2\/posts\/28530","targetHints":{"allow":["GET"]}}],"collection":[{"href":"https:\/\/www.best-dentist-dentistry.com\/de\/wp-json\/wp\/v2\/posts"}],"about":[{"href":"https:\/\/www.best-dentist-dentistry.com\/de\/wp-json\/wp\/v2\/types\/post"}],"author":[{"embeddable":true,"href":"https:\/\/www.best-dentist-dentistry.com\/de\/wp-json\/wp\/v2\/users\/1"}],"replies":[{"embeddable":true,"href":"https:\/\/www.best-dentist-dentistry.com\/de\/wp-json\/wp\/v2\/comments?post=28530"}],"version-history":[{"count":0,"href":"https:\/\/www.best-dentist-dentistry.com\/de\/wp-json\/wp\/v2\/posts\/28530\/revisions"}],"wp:attachment":[{"href":"https:\/\/www.best-dentist-dentistry.com\/de\/wp-json\/wp\/v2\/media?parent=28530"}],"wp:term":[{"taxonomy":"category","embeddable":true,"href":"https:\/\/www.best-dentist-dentistry.com\/de\/wp-json\/wp\/v2\/categories?post=28530"},{"taxonomy":"post_tag","embeddable":true,"href":"https:\/\/www.best-dentist-dentistry.com\/de\/wp-json\/wp\/v2\/tags?post=28530"}],"curies":[{"name":"wp","href":"https:\/\/api.w.org\/{rel}","templated":true}]}}