{"id":28542,"date":"2012-12-06T03:31:51","date_gmt":"2012-12-06T03:31:51","guid":{"rendered":null},"modified":"-0001-11-30T00:00:00","modified_gmt":"-0001-11-30T00:00:00","slug":"most-expected-a-more-complex-health-situation-in-2013-by-state-cuts","status":"publish","type":"post","link":"https:\/\/www.best-dentist-dentistry.com\/de\/most-expected-a-more-complex-health-situation-in-2013-by-state-cuts\/28542","title":{"rendered":"most expected a more complex health situation in 2013 by state cuts"},"content":{"rendered":"<p class=\"first\"> Defiende Que Los Cimientos del Sistema de Salud Catal\u00e1n Sohn &#8220;Fuertes&#8221;<\/p>\n<p>BARCELONA, 1 (EUROPA PRESS)<\/p>\n<p>El Presidente De La Generalitat de Funktionen, Artur Mas, ha Augurado Este S\u00e1bado Que la Situaci\u00f3n De La Sanidad de el 2013 Ser\u00e1 &#8220;M\u00e1s Compleja&#8221;, lo Que ha Atribuido a Los Recortes del Gobierno, Pero ha Asegurado Que Los Cimientos del Sistema Catal\u00e1n de Salud Sohn Fuertes.<\/p>\n<p>Lo ha Dicho Dirigi\u00e9ndose ein 1.500 Los Profesionales y Representantes del Sektor Sanitario Que Han Asistido Este S\u00e1bado a la Clausura De La II Jornada Sobre el Plan de Salud 2011-15 de Sitges (Barcelona), a la Que Tambi\u00e9n ha Acudido el Regionalminister de Salud de Funktionen, Boi Ruiz.<\/p>\n<p>&#8220;Para el A\u00f1o Que Viene Tenemos Una Situaci\u00f3n Que A\u00fan es M\u00e1s Compleja Que la de A\u00f1os Anteriores. La Apretada Que Se Hace Desde Madrid es Mucho M\u00e1s Dura, Desleal e Injusta, y Esto Nos Obligar\u00e1 ein Gestionar Esta Situaci\u00f3n Que ya \u00c4ra Compleja, y A\u00fan lo M\u00e1s Ser\u00e1&#8221;, ha Dicho.<\/p>\n<p>Pese Mehr sagte, dass sie diese Situation umgehen soll, und zwar viel zu Fragen, &#8220;setzen gute Gesicht&#8221;, da er glaubt, dass die Realit\u00e4t nicht ignorieren k\u00f6nnen, als ob sie nicht waren, und sie es mit Treuhandschaft konfrontieren m\u00fcssen.<\/p>\n<p>der Auffassung, dass die Verantwortung geteilt werden sollten: &#8220;eine oder andere Weise, Menschen, die zu diesem Zeitpunkt wir sind genannt, um die Angelegenheiten von \u00f6ffentlichem Interesse verwalten oder \u00f6ffentlichen Menschen haben ein gewisses Ma\u00df an Verantwortung, mit dieser Situation umgehen&#8221;.<\/p>\n<p>dennoch glaubt, dass die Grundlagen des Sozialstaates erhalten bleiben: &#8220;wir alle wissen, dass unser Sozialstaat Stiftungen bleiben, und die Grundlagen f\u00fcr unser Gesundheitssystem stark sind, haben kein Aluminosis. Fundament stark zu bleiben und das Geb\u00e4ude wird widerstehen&#8221;.<\/p>\n<p>f\u00fcr mehr, es gibt drei Herausforderungen Entrelazados de Gran Magnitud, y Que Sohn C\u00f3mo Dar la Vuelta a la Situaci\u00f3n Econ\u00f3mica, C\u00f3mo de Este Contexto Se Consolida el Estado del Bienestar y C\u00f3mo Poner &#8220;el Pa\u00eds de Pie de Igualdad Con Otras Naciones, es Decir, el Derecho a Decidir&#8221;.<\/p>\n<p>Ha Mostrado Su Confianza de las Posibilidades de Catalu\u00f1a, y ha Valorado Que un 70 % de Participaci\u00f3n de las Elecciones Catalanas del Pasado Domingo es un Dato Que Indica Que la Gente Se Implica de Los Asuntos P\u00fablicos.<\/p>\n<p>&#8220;Esto Lama al Optimismo, Porque Quiere Decir Que Heu un Pa\u00eds Que Tiene las Pilas Zona, Puede Que Con Una Bater\u00eda M\u00e1s o Menos Baja, Pero el Pueblo Catal\u00e1n Est\u00e1 de Marcha&#8221;, ha Concluido.<\/p>\n<p>BALANCE DEL PLAN DE SALUD<\/p>\n<p>En Cuanto al balance del Primer A\u00f1o del Plan de Salud 2011-15, Entre Los Aspectos Destacados Figura Que el Nuevo Modelo de Urgencias ha Supuesto la Reducci\u00f3n del 6 % de Urgencias Hospitalarias y del 20 % de Visitas de Atenci\u00f3n Continuada.<\/p>\n<p>M\u00e1s 8.000 chronisch Kranke servieren wir bereits nach dem neuen Modell, das auf eine entschiedenere Grundversorgung, d. weniger Krankenhauseinweisungen und Verschiebung des Patienten h..<\/p>\n<p>83 % der Verschreibungen sind bereits elektronische &#8211; dieses System bereits ausgebreitet hat, in den Krankenh\u00e4usern der \u00f6ffentlichen Netzwerk XHUP-50 % und 90 % der Zentren der Grundversorgung (CAP) haben bereits medizinische Geschichte geteilt, und vermeidet Doppelarbeit.<\/p>\n","protected":false},"excerpt":{"rendered":"<p>Defiende Que Los Cimientos del Sistema de Salud Catal\u00e1n Sohn &#8220;Fuertes&#8221; BARCELONA, 1 (EUROPA PRESS) El Presidente De La Generalitat de Funktionen, Artur Mas, ha Augurado Este S\u00e1bado Que la Situaci\u00f3n De La Sanidad de el 2013 Ser\u00e1 &#8220;M\u00e1s Compleja&#8221;, lo Que ha Atribuido a Los Recortes del Gobierno, Pero ha Asegurado Que Los Cimientos [&hellip;]<\/p>\n","protected":false},"author":1,"featured_media":0,"comment_status":"close","ping_status":"open","sticky":false,"template":"","format":"standard","meta":{"footnotes":""},"categories":[3],"tags":[],"class_list":["post-28542","post","type-post","status-publish","format-standard","hentry","category-allgemeine","et-doesnt-have-format-content","et_post_format-et-post-format-standard"],"_links":{"self":[{"href":"https:\/\/www.best-dentist-dentistry.com\/de\/wp-json\/wp\/v2\/posts\/28542","targetHints":{"allow":["GET"]}}],"collection":[{"href":"https:\/\/www.best-dentist-dentistry.com\/de\/wp-json\/wp\/v2\/posts"}],"about":[{"href":"https:\/\/www.best-dentist-dentistry.com\/de\/wp-json\/wp\/v2\/types\/post"}],"author":[{"embeddable":true,"href":"https:\/\/www.best-dentist-dentistry.com\/de\/wp-json\/wp\/v2\/users\/1"}],"replies":[{"embeddable":true,"href":"https:\/\/www.best-dentist-dentistry.com\/de\/wp-json\/wp\/v2\/comments?post=28542"}],"version-history":[{"count":0,"href":"https:\/\/www.best-dentist-dentistry.com\/de\/wp-json\/wp\/v2\/posts\/28542\/revisions"}],"wp:attachment":[{"href":"https:\/\/www.best-dentist-dentistry.com\/de\/wp-json\/wp\/v2\/media?parent=28542"}],"wp:term":[{"taxonomy":"category","embeddable":true,"href":"https:\/\/www.best-dentist-dentistry.com\/de\/wp-json\/wp\/v2\/categories?post=28542"},{"taxonomy":"post_tag","embeddable":true,"href":"https:\/\/www.best-dentist-dentistry.com\/de\/wp-json\/wp\/v2\/tags?post=28542"}],"curies":[{"name":"wp","href":"https:\/\/api.w.org\/{rel}","templated":true}]}}