{"id":2868,"date":"2011-12-09T18:00:39","date_gmt":"2011-12-09T18:00:39","guid":{"rendered":null},"modified":"-0001-11-30T00:00:00","modified_gmt":"-0001-11-30T00:00:00","slug":"treatments-and-decisions-at-the-end-of-the-life-of-the-patient-centered-the-day-ii-of-the-riojan-society-of-geriatrics-and-gerontology","status":"publish","type":"post","link":"https:\/\/www.best-dentist-dentistry.com\/de\/treatments-and-decisions-at-the-end-of-the-life-of-the-patient-centered-the-day-ii-of-the-riojan-society-of-geriatrics-and-gerontology\/2868","title":{"rendered":"Behandlungen und Entscheidungen am Ende des Lebens des Patienten zentriert Tages II der Gesellschaft aus f\u00fcr Geriatrie und Gerontologie."},"content":{"rendered":"<p><strong>Behandlungen und Entscheidungen am Ende des Lebens des Patienten zentriert Tages II der Gesellschaft aus f\u00fcr Geriatrie und Gerontologie. <\/p>\n<p><\/strong> <br \/><font size=\"2\">-die Sitzung fand letzten Donnerstag, November 24, ab 16,00 Uhr am College of \u00c4rzte von La Rioja <\/p>\n<p>-Bioethik, Schmerzen an terminal \u00e4ltere Menschen, Demenz in fortgeschrittenen Stadien, Palliativmedizin und Pflege in Trauer Patienten und Pflegepersonal, wurden die Themen des Tages behandelt <\/p>\n<p>-Sitzung wird geschlossen die Minister f\u00fcr Gesundheit und soziale Dienste von La Rioja, Jos\u00e9 Ignacio Nieto <\/p>\n<p> <strong>Logro\u00f1o, 2011-Dezember<\/strong> der Halle der Rechtsakte des Schule Officer der \u00c4rzte von La Rioja (c \/ Ruavieja, Nr. 67-69), gehostete, am Donnerstag 24 November, von 16,00 Uhr des Tages II der Gesellschaft aus f\u00fcr Geriatrie und Gerontologie, Einheit, die zusammen bringt etwa hundert Experten aus verschiedenen Gesundheit Disziplinen im Zusammenhang mit Aufmerksamkeit auf \u00e4ltere Menschen. <\/p>\n<p>W\u00e4hrend die Sitzung behandelt Fragen der Bioethik bei \u00e4lteren Menschen; Schmerzen im \u00e4lteren Terminal; Demenz in einem fortgeschrittenen Stadium; bessere palliative Betreuung f\u00fcr \u00e4ltere Menschen; oder Pflege im Duell in geriatrischen Patienten und ihre Betreuer. Das Seminar, das bis 20,00 Uhr, der Minister f\u00fcr Gesundheit und soziale Dienste Rioja, Jos\u00e9 Ignacio Nieto, geschlossen wurde, hat durch die Geriatrie Dr. Fernando Mart\u00edn Ciancas, Pr\u00e4sident der Real-Gesellschaft f\u00fcr Geriatrie und Gerontologie (SRGG) und Direktor des Centro Sociosanitario Viamed Los Jasmine de Haro moderiert wurde; und von Dr. Jes\u00fas P\u00e9rez Mu\u00f1oz, Geriatrie SIRS und Vize-Pr\u00e4sidentin des Unternehmens. <\/p>\n<p>Spezialisten des Dienstes aus der Gesundheit als Fco Onkologe nahm auch Teil. Javier Cevas Chopitea oder Geriatrie Raquel P\u00e9rez Zuazo und Spezialisten in der Geriatrie Gemeinschaften neben La Rioja als Baskenland und in Navarra. <\/p>\n<p> <strong>multidisziplin\u00e4re <br \/><\/strong> <br \/> La Rioja Gesellschaft f\u00fcr Geriatrie und Gerontologie (SRGG) ist eine Einrichtung, die zusammen bringt etwa hundert Experten aus verschiedenen Gesundheit Disziplinen im Zusammenhang mit Aufmerksamkeit auf \u00e4ltere Menschen. Ihr Hauptziel ist die Erleichterung der Arbeit der Menschen, die k\u00fcmmern sich der integralen Gesundheit \u00e4lterer Menschen (physischen, psychischen, funktionale und sozialen) gewidmet sind. <\/p>\n<p>Die Ziele der Gesellschaft aus f\u00fcr Geriatrie und Gerontologie mit Schwerpunkt auf Gruppierung Praktizierende, die studieren und arbeiten auf dem Gebiet der Senioren, F\u00f6rderung von Ma\u00dfnahmen zur Verbesserung der Lebensqualit\u00e4t dieser Gruppe, Beratung und Unterst\u00fctzung von Agenturen und Institutionen Umgang mit sozialen und gesundheitlichen Probleme des alten Alter und Design Systeme der Versorgung und Ausbildung in Geriatr\u00edund Gerontologie. <\/p>\n<p>Gesellschaft f\u00fcr Geriatrie und Gerontologie gestaltet, die aus diesem ehrgeizigen Projekt durchzuf\u00fchren eine multidisziplin\u00e4re Struktur, in der Integration von medizinische, Krankenschwestern, zus\u00e4tzliche Klinik\/Gerocultores, Sozialarbeiter, Psychologen, Ergotherapeuten, Physiotherapeuten, Apothekern, Architekten usw. <\/p>\n<p>Unter den R\u00e4umlichkeiten der Beteiligung und Meinungsfreiheit der Partner f\u00f6rdert es auch die Zusammenarbeit mit anderen wissenschaftlichen Gesellschaften und Vereinigungen \u00e4lterer Menschen. <\/p>\n<p><\/font><\/p>\n","protected":false},"excerpt":{"rendered":"<p>Behandlungen und Entscheidungen am Ende des Lebens des Patienten zentriert Tages II der Gesellschaft aus f\u00fcr Geriatrie und Gerontologie. -die Sitzung fand letzten Donnerstag, November 24, ab 16,00 Uhr am College of \u00c4rzte von La Rioja -Bioethik, Schmerzen an terminal \u00e4ltere Menschen, Demenz in fortgeschrittenen Stadien, Palliativmedizin und Pflege in Trauer Patienten und Pflegepersonal, wurden [&hellip;]<\/p>\n","protected":false},"author":1,"featured_media":0,"comment_status":"close","ping_status":"open","sticky":false,"template":"","format":"standard","meta":{"footnotes":""},"categories":[3],"tags":[9910,9912,9911],"class_list":["post-2868","post","type-post","status-publish","format-standard","hentry","category-allgemeine","tag-ercp","tag-gerontologie","tag-zentriert","et-doesnt-have-format-content","et_post_format-et-post-format-standard"],"_links":{"self":[{"href":"https:\/\/www.best-dentist-dentistry.com\/de\/wp-json\/wp\/v2\/posts\/2868","targetHints":{"allow":["GET"]}}],"collection":[{"href":"https:\/\/www.best-dentist-dentistry.com\/de\/wp-json\/wp\/v2\/posts"}],"about":[{"href":"https:\/\/www.best-dentist-dentistry.com\/de\/wp-json\/wp\/v2\/types\/post"}],"author":[{"embeddable":true,"href":"https:\/\/www.best-dentist-dentistry.com\/de\/wp-json\/wp\/v2\/users\/1"}],"replies":[{"embeddable":true,"href":"https:\/\/www.best-dentist-dentistry.com\/de\/wp-json\/wp\/v2\/comments?post=2868"}],"version-history":[{"count":0,"href":"https:\/\/www.best-dentist-dentistry.com\/de\/wp-json\/wp\/v2\/posts\/2868\/revisions"}],"wp:attachment":[{"href":"https:\/\/www.best-dentist-dentistry.com\/de\/wp-json\/wp\/v2\/media?parent=2868"}],"wp:term":[{"taxonomy":"category","embeddable":true,"href":"https:\/\/www.best-dentist-dentistry.com\/de\/wp-json\/wp\/v2\/categories?post=2868"},{"taxonomy":"post_tag","embeddable":true,"href":"https:\/\/www.best-dentist-dentistry.com\/de\/wp-json\/wp\/v2\/tags?post=2868"}],"curies":[{"name":"wp","href":"https:\/\/api.w.org\/{rel}","templated":true}]}}